{"id":134187,"date":"2025-11-27T10:31:11","date_gmt":"2025-11-27T13:31:11","guid":{"rendered":"https:\/\/www.actualidadadiario.com\/?p=134187"},"modified":"2025-11-27T11:59:17","modified_gmt":"2025-11-27T14:59:17","slug":"renovacion-del-congreso-cuando-juran-los-nuevos-diputados-y-senadores","status":"publish","type":"post","link":"https:\/\/www.actualidadadiario.com\/index.php\/2025\/11\/27\/renovacion-del-congreso-cuando-juran-los-nuevos-diputados-y-senadores\/","title":{"rendered":"Renovaci\u00f3n del Congreso: cu\u00e1ndo juran los nuevos diputados y senadores"},"content":{"rendered":"<p style=\"text-align: center;\"><em><strong>Tambi\u00e9n se votan los presidentes de cada C\u00e1mara. Los legisladores asumir\u00e1n formalmente el 10 de diciembre<\/strong><\/em><\/p>\n<p>&nbsp;<\/p>\n<p>&nbsp;<\/p>\n<p>A la espera de que se oficialice el llamado a sesiones extraordinarias para tratar las reformas prioritarias del Gobierno, el Congreso estableci\u00f3 las fechas en que los diputados y senadores electos juren en sus nuevos cargos. Se renovar\u00e1 un tercio del Senado y casi la mitad de la C\u00e1mara baja.<\/p>\n<p>La jura y el d\u00eda de elecci\u00f3n de autoridades se realizar\u00e1n, en ambos casos, en jornadas previas al 10 de diciembre, cuando efectivamente entren en funciones los legisladores y puedan constituir las comisiones. En el caso del Senado, la fecha dispuesta es el viernes 28 de noviembre a las 11 horas. Los primeros trascendidos apuntan a que el puntano Bartolom\u00e9 Abdala (La Libertad Avanza) continuar\u00eda siendo presidente provisional de ese recinto. Por su parte, en Diputados -que dif\u00edcilmente aparte al riojano Mart\u00edn Menem de la presidencia- se tomar\u00e1 juramento el mi\u00e9rcoles 3 de diciembre a las 13 horas.<\/p>\n<p>&nbsp;<\/p>\n<p><strong>Senado: qui\u00e9nes son los senadores electos<\/strong><\/p>\n<p>Los senadores que jurar\u00e1n en la ceremonia por La Libertad Avanza son Patricia Bullrich y Agust\u00edn Monteverde (CABA), Juan Cruz Godoy (Chaco), Joaqu\u00edn Benegas Lynch y Romina Almeida (Entre R\u00edos), Nadia M\u00e1rquez y Pablo Cervi (Neuqu\u00e9n), Emilia Orozco y Gonzalo Guzm\u00e1n Coraita (Salta), Agust\u00edn Coto y Bel\u00e9n Monte de Oca (Tierra del Fuego).<\/p>\n<p>Queda por definirse si asumir\u00e1 la rionegrina Lorena Villaverde, cuyo diploma se votar\u00e1 en la sesi\u00f3n del 28, que quedar\u00e1 circunscripta a la voluntad de sus 71 pares. En caso de que sea rechazada, asumir\u00e1 Enzo Fullone. El oficialismo tambi\u00e9n logr\u00f3 otra banca por la provincia de Chaco, pero la actual vicegobernadora provincial Silvana Schneider se incorporar\u00eda al bloque del radicalismo, seg\u00fan consignaron fuentes del partido a este medio.<\/p>\n<p>Por el peronismo, asumir\u00e1n Mariano Recalde (CABA), Jorge Capitanich (Chaco), Ad\u00e1n Bahl (Entre R\u00edos), Mart\u00edn Soria y Ana Marks (R\u00edo Negro) y Cristina L\u00f3pez (Tierra del Fuego). En tanto que por las representaciones provinciales fueron electos Julieta Corroza (Neuqu\u00e9n), Flavia Roy\u00f3n (Salta), Gerardo Zamora, Elia Esther del Carmen Moreno y Jos\u00e9 Neder (Santiago del Estero, se aguarda su posible incorporaci\u00f3n al justicialismo).<\/p>\n<p>&nbsp;<\/p>\n<p><strong>Diputados: qui\u00e9nes son los diputados electos<\/strong><\/p>\n<p>Dentro de los 127 diputados que fueron electos el pasado 26 de octubre, por la alianza La Libertad Avanza ingresaron: Diego Santilli, Karen Reichardt, Sebasti\u00e1n Pareja, Gladys Humenuk, Alejandro Carrancio, Johanna Longo, Alejandro Finocchiaro, Miriam Niveyro, Sergio Figliuolo, Giselle Castelnuovo, \u00c1lvaro Garc\u00eda, Mar\u00eda Fernanda De Sensi, Joaqu\u00edn Patricio Ojeda, Mar\u00eda Luisa Gonz\u00e1lez Estevarena, Hern\u00e1n Urien, Andrea Fernanda Vera, Javier S\u00e1nchez, Alejandro Fargosi, Patricia Holzman, Nicol\u00e1s Emma, Sabrina Ajmechet, Fernando De Andreis, Antonela Giampieri Agust\u00edn Pellegrini, Yamile Tomassoni, Juan Pablo Montenegro, Valentina Ravera, Gonzalo Roca, Laura Sodano, Marcos Pati\u00f1o y Laura Rodr\u00edguez Machado.<\/p>\n<p>Adem\u00e1s, y contemplando que no todos integrar\u00e1n el bloque libertario -algunos no asumir\u00e1n y otros se inscribir\u00e1n en el PRO o la UCR- fueron electos por el oficialismo: Enrique Lluch, Luis Petri, Pamela Verasay, \u00c1lvaro Mart\u00ednez, Mar\u00eda Julieta Metral Asensio, Federico Pelli, Soledad Molinuevo, Diego Hartfield, Mar\u00eda Gruber, Gabriela Flores, Carlos Zapata, Andr\u00e9s Laumann, Alicia Fregonese, Dar\u00edo Schneider, Mercedes del Rosario Goit\u00eda, Guillermo Ag\u00fcero, Virgina Gallardo, Abel Chiconi, Alfredo Gonz\u00e1les, B\u00e1rbara Andreussi, An\u00edbal Tortoriello, Gast\u00f3n Riesco, Margarita Mondaca, Atilio Basualdo, Maira Frias, M\u00f3nica Becerra, Carlos Almena, Adri\u00e1n Brizuela, Gino Visconti, Adri\u00e1n Ravier, Jairo Henoch Guzm\u00e1n y Miguel Rodr\u00edguez.<\/p>\n<p>Por el peronismo, ingresaron: Jorge Taiana, Jimena L\u00f3pez, Juan Grabois, Vanesa Siley, Sergio Palazzo, Teresa Garc\u00eda, Horacio Pietragalla, Agustina Propato, Hugo Moyano, Fernanda D\u00edaz, Sebasti\u00e1n Galmarini, Fernanda Mi\u00f1o, Hugo Yasky, Marina Salzmann, Nicol\u00e1s Trotta, Mar\u00eda Elena Vel\u00e1zquez, Itai Hagman, Raquel Kismer, Santiago Roberto, Luc\u00eda C\u00e1mpora, Fernando Edgardo Monguillot, Claudia Palladino, Sergio Dolce, Julieta Campo, Ra\u00fal Hadad, Juan Pablo Luque, Graciela de la Rosa, Guillermo Michel, Laura Marianela Concepci\u00f3n Marclay, Abelardo Ferr\u00e1n, Varinia Mar\u00edn, Gabriela Pedrali y F\u00e9lix Emir.<\/p>\n<p>Dentro de los electos por Fuerza Patria u otras representaciones justicialistas, no conformar\u00e1n todos el bloque de Uni\u00f3n por la Patria. Bajo esa salvedad, ingresaron adem\u00e1s: Adriana Serquis, Jorge \u201cGato\u201d Fern\u00e1ndez, Juan Carlos Molina, Moira Lanses\u00e1n, Caren Trepp, Agust\u00edn Rossi Alejandrina Bel\u00e9n, Jorge Alejandro Mukdise, Cecilia L\u00f3pez Pasquali de Balmaceda, Marcelo Barbur, Osvaldo Jaldo, Gladys Medina y Agustin Tita.<\/p>\n<p>Por su parte, por Provincias Unidas fueron electos Juan Schiaretti, Carolina Basualdo, Miguel Siciliano, Gisela Scaglia, Pablo Farias, Mart\u00edn Lousteau, Diogenes Gonz\u00e1lez y Mar\u00eda In\u00e9s Zigar\u00e1n. Innovaci\u00f3n Federal sum\u00f3 dos diputados: Bernardo Biella y Oscar Herrera Ahuad. En tanto que por el Frente de Izquierda ingresaron Nicol\u00e1s del Ca\u00f1o, Romina del Pla y Myriam Bregman. Los otres tres diputados electos fueron Fabian Martin (Producci\u00f3n y Trabajo), Natalia de la Sota (Defendamos C\u00f3rdoba) y Karina Maureira (La Neuquinidad).<\/p>\n","protected":false},"excerpt":{"rendered":"<p>Tambi\u00e9n se votan los presidentes de cada C\u00e1mara. Los legisladores asumir\u00e1n formalmente el 10 de diciembre &nbsp; &nbsp; A la espera de que se oficialice el llamado a sesiones extraordinarias para tratar las reformas prioritarias del Gobierno, el Congreso estableci\u00f3 las fechas en que los diputados y senadores electos juren en sus nuevos cargos. Se renovar\u00e1 un tercio del Senado y casi la mitad de la C\u00e1mara baja. La jura y el d\u00eda de elecci\u00f3n de autoridades se realizar\u00e1n, en ambos casos, en jornadas previas al 10 de diciembre, cuando&#8230;<\/p>\n","protected":false},"author":3,"featured_media":56503,"comment_status":"closed","ping_status":"closed","sticky":false,"template":"","format":"standard","meta":[],"categories":[9],"tags":[],"_links":{"self":[{"href":"https:\/\/www.actualidadadiario.com\/index.php\/wp-json\/wp\/v2\/posts\/134187"}],"collection":[{"href":"https:\/\/www.actualidadadiario.com\/index.php\/wp-json\/wp\/v2\/posts"}],"about":[{"href":"https:\/\/www.actualidadadiario.com\/index.php\/wp-json\/wp\/v2\/types\/post"}],"author":[{"embeddable":true,"href":"https:\/\/www.actualidadadiario.com\/index.php\/wp-json\/wp\/v2\/users\/3"}],"replies":[{"embeddable":true,"href":"https:\/\/www.actualidadadiario.com\/index.php\/wp-json\/wp\/v2\/comments?post=134187"}],"version-history":[{"count":1,"href":"https:\/\/www.actualidadadiario.com\/index.php\/wp-json\/wp\/v2\/posts\/134187\/revisions"}],"predecessor-version":[{"id":134188,"href":"https:\/\/www.actualidadadiario.com\/index.php\/wp-json\/wp\/v2\/posts\/134187\/revisions\/134188"}],"wp:featuredmedia":[{"embeddable":true,"href":"https:\/\/www.actualidadadiario.com\/index.php\/wp-json\/wp\/v2\/media\/56503"}],"wp:attachment":[{"href":"https:\/\/www.actualidadadiario.com\/index.php\/wp-json\/wp\/v2\/media?parent=134187"}],"wp:term":[{"taxonomy":"category","embeddable":true,"href":"https:\/\/www.actualidadadiario.com\/index.php\/wp-json\/wp\/v2\/categories?post=134187"},{"taxonomy":"post_tag","embeddable":true,"href":"https:\/\/www.actualidadadiario.com\/index.php\/wp-json\/wp\/v2\/tags?post=134187"}],"curies":[{"name":"wp","href":"https:\/\/api.w.org\/{rel}","templated":true}]}}