{"id":134181,"date":"2025-11-26T10:00:36","date_gmt":"2025-11-26T13:00:36","guid":{"rendered":"https:\/\/www.actualidadadiario.com\/?p=134181"},"modified":"2025-11-26T10:00:36","modified_gmt":"2025-11-26T13:00:36","slug":"alerta-epidemiologica-por-nuevos-casos-de-sarampion","status":"publish","type":"post","link":"https:\/\/www.actualidadadiario.com\/index.php\/2025\/11\/26\/alerta-epidemiologica-por-nuevos-casos-de-sarampion\/","title":{"rendered":"Alerta epidemiol\u00f3gica por nuevos casos de sarampi\u00f3n"},"content":{"rendered":"<p style=\"text-align: center;\"><em><strong>Desde el Ministerio de Salud llaman a tomar las medidas preventivas correspondientes<\/strong><\/em><\/p>\n<p>&nbsp;<\/p>\n<p>&nbsp;<\/p>\n<p>El Ministerio de Salud de la Naci\u00f3n emiti\u00f3 una alerta epidemiol\u00f3gica para informar a las autoridades jurisdiccionales y a la poblaci\u00f3n general sobre la situaci\u00f3n a fin de tomar las medidas pertinentes para la identificaci\u00f3n y seguimiento de los contactos estrechos y para el bloqueo de los posibles contagios que pudieran haberse ocasionado durante su viaje por nuestro pa\u00eds.<\/p>\n<p>La citada alerta es debido al ingreso de 4 casos de sarampi\u00f3n a nuestro pa\u00eds, en el marco de un viaje de Bolivia a Uruguay y los mismos corresponden a una familia sin antecedentes de vacunaci\u00f3n compuesta por tres adultos de 21, 39 y 46 a\u00f1os y un menor de 11 a\u00f1os.<\/p>\n<p>Seg\u00fan indic\u00f3 la cartera sanitaria en un informe del Bolet\u00edn Epidemiol\u00f3gico Nacional (BEN) al que tuvo acceso la Agencia Noticias Argentinas, los cuatro viajaron a las localidades de San Pedro de Pinal y San Juli\u00e1n (Bolivia) para participar en diversas actividades sociales en las que tuvieron contacto con personas con s\u00edntomas compatibles con el sarampi\u00f3n.<\/p>\n<p>Las personas ingresaron al pa\u00eds el 14 de noviembre por el cruce de Yacuiba (Tarija, Bolivia) &#8211; Salvador Mazza (Salta, Argentina) y salieron hacia su lugar de residencia en San Javier (Uruguay) el d\u00eda 16, por el cruce de Col\u00f3n (Entre R\u00edos, Argentina) -Paysand\u00fa (Uruguay).<\/p>\n<p>Ante esta situaci\u00f3n, el Ministerio de Salud de la Naci\u00f3n inici\u00f3 la investigaci\u00f3n epidemiol\u00f3gica correspondiente para identificar a los contactos potencialmente expuestos de acuerdo al itinerario de los casos detectados y trabaja junto con las jurisdicciones para implementar las acciones de control de foco que sean requeridas.<\/p>\n<p>Teniendo en cuenta que el sarampi\u00f3n es una enfermedad prevenible por la vacunaci\u00f3n, la cartera sanitaria nacional recomienda a la poblaci\u00f3n aplicarse las dosis establecidas dentro del Calendario Nacional de Vacunaci\u00f3n y a contactar al sistema de salud ante la aparici\u00f3n de s\u00edntomas compatibles con esta enfermedad.<\/p>\n<p>&nbsp;<\/p>\n<p><strong>Qu\u00e9 es el sarampi\u00f3n, sus s\u00edntomas y c\u00f3mo se contagia<\/strong><\/p>\n<p>El sarampi\u00f3n es una enfermedad viral, eruptiva-febril de transmisi\u00f3n respiratoria y altamente contagiosa, que se disemina r\u00e1pida y f\u00e1cilmente de persona a persona y, a veces, puede ser letal.<\/p>\n<p>Los casos de mayor gravedad se dan en ni\u00f1os menores de 5 a\u00f1os y personas con inmunocompromiso o desnutrici\u00f3n y la \u00fanica manera de prevenirla es con la vacunaci\u00f3n.<\/p>\n<p>Las manifestaciones cl\u00ednicas son fiebre alta, manchas rojas en la piel, secreci\u00f3n nasal, conjuntivitis y tos, mientras que quien la padece puede presentar complicaciones como ser neumon\u00eda, convulsiones, meningoencefalitis y ceguera. Esta enfermedad no tiene tratamiento espec\u00edfico y es mortal en 1 a 2 casos cada 1.000 personas no vacunadas.<\/p>\n<p>En tanto, la vacunaci\u00f3n es la \u00fanica forma de prevenir el sarampi\u00f3n\u00a0 sus complicaciones y el esquema seg\u00fan Calendario Nacional incluye 2 dosis de la vacuna Triple Viral: a los 12 meses y a los 5 a\u00f1os de edad.<\/p>\n","protected":false},"excerpt":{"rendered":"<p>Desde el Ministerio de Salud llaman a tomar las medidas preventivas correspondientes &nbsp; &nbsp; El Ministerio de Salud de la Naci\u00f3n emiti\u00f3 una alerta epidemiol\u00f3gica para informar a las autoridades jurisdiccionales y a la poblaci\u00f3n general sobre la situaci\u00f3n a fin de tomar las medidas pertinentes para la identificaci\u00f3n y seguimiento de los contactos estrechos y para el bloqueo de los posibles contagios que pudieran haberse ocasionado durante su viaje por nuestro pa\u00eds. La citada alerta es debido al ingreso de 4 casos de sarampi\u00f3n a nuestro pa\u00eds, en el&#8230;<\/p>\n","protected":false},"author":3,"featured_media":134182,"comment_status":"closed","ping_status":"closed","sticky":false,"template":"","format":"standard","meta":[],"categories":[2],"tags":[],"_links":{"self":[{"href":"https:\/\/www.actualidadadiario.com\/index.php\/wp-json\/wp\/v2\/posts\/134181"}],"collection":[{"href":"https:\/\/www.actualidadadiario.com\/index.php\/wp-json\/wp\/v2\/posts"}],"about":[{"href":"https:\/\/www.actualidadadiario.com\/index.php\/wp-json\/wp\/v2\/types\/post"}],"author":[{"embeddable":true,"href":"https:\/\/www.actualidadadiario.com\/index.php\/wp-json\/wp\/v2\/users\/3"}],"replies":[{"embeddable":true,"href":"https:\/\/www.actualidadadiario.com\/index.php\/wp-json\/wp\/v2\/comments?post=134181"}],"version-history":[{"count":1,"href":"https:\/\/www.actualidadadiario.com\/index.php\/wp-json\/wp\/v2\/posts\/134181\/revisions"}],"predecessor-version":[{"id":134183,"href":"https:\/\/www.actualidadadiario.com\/index.php\/wp-json\/wp\/v2\/posts\/134181\/revisions\/134183"}],"wp:featuredmedia":[{"embeddable":true,"href":"https:\/\/www.actualidadadiario.com\/index.php\/wp-json\/wp\/v2\/media\/134182"}],"wp:attachment":[{"href":"https:\/\/www.actualidadadiario.com\/index.php\/wp-json\/wp\/v2\/media?parent=134181"}],"wp:term":[{"taxonomy":"category","embeddable":true,"href":"https:\/\/www.actualidadadiario.com\/index.php\/wp-json\/wp\/v2\/categories?post=134181"},{"taxonomy":"post_tag","embeddable":true,"href":"https:\/\/www.actualidadadiario.com\/index.php\/wp-json\/wp\/v2\/tags?post=134181"}],"curies":[{"name":"wp","href":"https:\/\/api.w.org\/{rel}","templated":true}]}}