{"id":134161,"date":"2025-11-26T09:13:33","date_gmt":"2025-11-26T12:13:33","guid":{"rendered":"https:\/\/www.actualidadadiario.com\/?p=134161"},"modified":"2025-11-26T09:13:33","modified_gmt":"2025-11-26T12:13:33","slug":"diputados-sesionara-en-el-colegio-urquiza","status":"publish","type":"post","link":"https:\/\/www.actualidadadiario.com\/index.php\/2025\/11\/26\/diputados-sesionara-en-el-colegio-urquiza\/","title":{"rendered":"Diputados sesionar\u00e1 en el Colegio Urquiza"},"content":{"rendered":"<p style=\"text-align: center;\"><em><strong>La C\u00e1mara de Diputados realizar\u00e1 una Sesi\u00f3n Especial el mi\u00e9rcoles 26 en el hist\u00f3rico Colegio Superior del Uruguay \u201cJusto Jos\u00e9 de Urquiza\u201d, el mismo espacio donde en 1860 se celebr\u00f3 la primera sesi\u00f3n formal de la Legislatura. Se abordar\u00e1n ocho proyectos de ley, entre ellos la modificaci\u00f3n de la norma que cre\u00f3 la OSER, el reconocimiento a un docente entrerriano y seis expedientes vinculados a la recepci\u00f3n y cesi\u00f3n de inmuebles<\/strong><\/em><\/p>\n<p>&nbsp;<\/p>\n<p>&nbsp;<\/p>\n<p>La C\u00e1mara de Diputados de Entre R\u00edos celebrar\u00e1 el pr\u00f3ximo mi\u00e9rcoles 26 una Sesi\u00f3n Especial en Concepci\u00f3n del Uruguay, replicando el \u00e1mbito donde se inici\u00f3 la vida legislativa provincial el 17 de junio de 1860: el Colegio Superior del Uruguay \u201cJusto Jos\u00e9 de Urquiza\u201d. La propuesta, impulsada por el diputado Marcelo L\u00f3pez y acompa\u00f1ada por legisladores de distintos bloques, busca darle a la jornada un sentido \u201csimb\u00f3lico, hist\u00f3rico y educativo\u201d.<\/p>\n<p>En esta oportunidad se tratar\u00e1n ocho proyectos de ley. Desde las 11:30, las Comisiones de Salud P\u00fablica y de Legislaci\u00f3n General analizar\u00e1n la iniciativa del diputado Seyler Yari Demian, que propone modificar el art\u00edculo 19 de la Ley 11.202, normativa que dio origen a la Obra Social de Entre R\u00edos (OSER).<\/p>\n<p>A las 12, la Comisi\u00f3n de Cultura y Turismo pondr\u00e1 en discusi\u00f3n el proyecto del diputado Silvio Mart\u00edn Gallay, que propone declarar Ciudadano Ilustre de la provincia al maestro normal nacional y profesor de Historia, Celomar Jos\u00e9 Argach\u00e1, en reconocimiento a su aporte a la educaci\u00f3n, la investigaci\u00f3n hist\u00f3rica y el deporte entrerriano.<\/p>\n<p>La iniciativa para trasladar la actividad legislativa a Concepci\u00f3n del Uruguay fue presentada por L\u00f3pez el martes 18, con el respaldo de Julia Esther Calleros Arrecous, Carlos Alberto Damasco, Roque Orlando Fleitas, Gladys Liliana Salinas y Mar\u00eda Laura Stratta.<\/p>\n<p>&nbsp;<\/p>\n<p><strong>Donaciones y cesiones de inmuebles<\/strong><\/p>\n<p>Durante la Sesi\u00f3n Especial se abordar\u00e1n seis expedientes enviados por el Poder Ejecutivo relacionados con la aceptaci\u00f3n y cesi\u00f3n de inmuebles sujetos a donaci\u00f3n.<\/p>\n<p>Uno de ellos solicita autorizar al Ejecutivo a donar bienes muebles a los municipios y comunas donde funcionan los efectores de salud detallados en un anexo del proyecto, conforme al decreto 588\/2024 MS.<\/p>\n<p>Otro autoriza la aceptaci\u00f3n de un lote de terreno donado por la Municipalidad de Paran\u00e1, y un tercer expediente propone aceptar la donaci\u00f3n realizada por la Cooperativa de Vivienda por Autoconstrucci\u00f3n Independencia Limitada: dos lotes destinados a calles, ochavas y reserva fiscal.<\/p>\n<p>Tambi\u00e9n se tratar\u00e1 la autorizaci\u00f3n para que el gobernador done un inmueble del Superior Gobierno de Entre R\u00edos a la comuna de Sauce Montrull, con destino a la construcci\u00f3n del futuro cuartel de bomberos voluntarios.<\/p>\n<p>Asimismo, se analizar\u00e1 el pedido de aceptaci\u00f3n de la donaci\u00f3n realizada por Luis Alberto Gervasoni, destinada al funcionamiento de una casa de medio camino dependiente del hospital Dr. Luis Ellerman de Rosario del Tala; y finalmente, el expediente que solicita aceptar la donaci\u00f3n de una fracci\u00f3n de terreno formulada por Tom\u00e1s Brondi Alejandro, partida provincial N\u00ba 31.587-3.<\/p>\n","protected":false},"excerpt":{"rendered":"<p>La C\u00e1mara de Diputados realizar\u00e1 una Sesi\u00f3n Especial el mi\u00e9rcoles 26 en el hist\u00f3rico Colegio Superior del Uruguay \u201cJusto Jos\u00e9 de Urquiza\u201d, el mismo espacio donde en 1860 se celebr\u00f3 la primera sesi\u00f3n formal de la Legislatura. Se abordar\u00e1n ocho proyectos de ley, entre ellos la modificaci\u00f3n de la norma que cre\u00f3 la OSER, el reconocimiento a un docente entrerriano y seis expedientes vinculados a la recepci\u00f3n y cesi\u00f3n de inmuebles &nbsp; &nbsp; La C\u00e1mara de Diputados de Entre R\u00edos celebrar\u00e1 el pr\u00f3ximo mi\u00e9rcoles 26 una Sesi\u00f3n Especial en Concepci\u00f3n&#8230;<\/p>\n","protected":false},"author":3,"featured_media":134162,"comment_status":"closed","ping_status":"closed","sticky":false,"template":"","format":"standard","meta":[],"categories":[15],"tags":[],"_links":{"self":[{"href":"https:\/\/www.actualidadadiario.com\/index.php\/wp-json\/wp\/v2\/posts\/134161"}],"collection":[{"href":"https:\/\/www.actualidadadiario.com\/index.php\/wp-json\/wp\/v2\/posts"}],"about":[{"href":"https:\/\/www.actualidadadiario.com\/index.php\/wp-json\/wp\/v2\/types\/post"}],"author":[{"embeddable":true,"href":"https:\/\/www.actualidadadiario.com\/index.php\/wp-json\/wp\/v2\/users\/3"}],"replies":[{"embeddable":true,"href":"https:\/\/www.actualidadadiario.com\/index.php\/wp-json\/wp\/v2\/comments?post=134161"}],"version-history":[{"count":1,"href":"https:\/\/www.actualidadadiario.com\/index.php\/wp-json\/wp\/v2\/posts\/134161\/revisions"}],"predecessor-version":[{"id":134163,"href":"https:\/\/www.actualidadadiario.com\/index.php\/wp-json\/wp\/v2\/posts\/134161\/revisions\/134163"}],"wp:featuredmedia":[{"embeddable":true,"href":"https:\/\/www.actualidadadiario.com\/index.php\/wp-json\/wp\/v2\/media\/134162"}],"wp:attachment":[{"href":"https:\/\/www.actualidadadiario.com\/index.php\/wp-json\/wp\/v2\/media?parent=134161"}],"wp:term":[{"taxonomy":"category","embeddable":true,"href":"https:\/\/www.actualidadadiario.com\/index.php\/wp-json\/wp\/v2\/categories?post=134161"},{"taxonomy":"post_tag","embeddable":true,"href":"https:\/\/www.actualidadadiario.com\/index.php\/wp-json\/wp\/v2\/tags?post=134161"}],"curies":[{"name":"wp","href":"https:\/\/api.w.org\/{rel}","templated":true}]}}