{"id":134159,"date":"2025-11-26T09:12:15","date_gmt":"2025-11-26T12:12:15","guid":{"rendered":"https:\/\/www.actualidadadiario.com\/?p=134159"},"modified":"2025-11-26T09:12:15","modified_gmt":"2025-11-26T12:12:15","slug":"se-aproxima-un-nuevo-sistema-frontal-que-provocara-lluvias-y-tormentas-en-entre-rios","status":"publish","type":"post","link":"https:\/\/www.actualidadadiario.com\/index.php\/2025\/11\/26\/se-aproxima-un-nuevo-sistema-frontal-que-provocara-lluvias-y-tormentas-en-entre-rios\/","title":{"rendered":"Se aproxima un nuevo sistema frontal que provocar\u00e1 lluvias y tormentas en Entre R\u00edos"},"content":{"rendered":"<p style=\"text-align: center;\"><em><strong>El pron\u00f3stico extendido anticipa inestabilidades en la provincia el fin de semana. Se prev\u00e9 un descenso t\u00e9rmico<\/strong><\/em><\/p>\n<p>&nbsp;<\/p>\n<p>&nbsp;<\/p>\n<p>El Servicio Meteorol\u00f3gico Nacional -SMN- pronostica la llegada de un sistema frontal que provocar\u00e1 inestabilidades en Entre R\u00edos el pr\u00f3ximo fin de semana. Esta situaci\u00f3n ocasionar\u00e1 un cambio en las condiciones del tiempo.<\/p>\n<p>La semana continuar\u00e1 calurosa, pero a partir del viernes comienza a llegar a la regi\u00f3n un frente de lluvias y tormentas que se extender\u00e1 fundamentalmente el s\u00e1bado y hasta en domingo en algunas zonas de la provincia.<\/p>\n<p>Seg\u00fan el SMN, las principales probabilidades de precipitaciones se anuncian para el s\u00e1bado y la madrugada del domingo.<\/p>\n<p>Luego de m\u00e1s de 30 grados que se registran durante esta semana, el sistema frontal estar\u00e1 acompa\u00f1ado por viento del sur que provocar\u00e1 un descenso de las temperaturas. A partir del s\u00e1bado y el domingo se aguardan m\u00e1ximas de 25, 26 y 27 grados.<\/p>\n<p>El pron\u00f3stico anticipa que la nubosidad comenzar\u00eda a disminuir a partir de la tarde del domingo.<\/p>\n","protected":false},"excerpt":{"rendered":"<p>El pron\u00f3stico extendido anticipa inestabilidades en la provincia el fin de semana. Se prev\u00e9 un descenso t\u00e9rmico &nbsp; &nbsp; El Servicio Meteorol\u00f3gico Nacional -SMN- pronostica la llegada de un sistema frontal que provocar\u00e1 inestabilidades en Entre R\u00edos el pr\u00f3ximo fin de semana. Esta situaci\u00f3n ocasionar\u00e1 un cambio en las condiciones del tiempo. La semana continuar\u00e1 calurosa, pero a partir del viernes comienza a llegar a la regi\u00f3n un frente de lluvias y tormentas que se extender\u00e1 fundamentalmente el s\u00e1bado y hasta en domingo en algunas zonas de la provincia. Seg\u00fan&#8230;<\/p>\n","protected":false},"author":3,"featured_media":130776,"comment_status":"closed","ping_status":"closed","sticky":false,"template":"","format":"standard","meta":[],"categories":[15],"tags":[],"_links":{"self":[{"href":"https:\/\/www.actualidadadiario.com\/index.php\/wp-json\/wp\/v2\/posts\/134159"}],"collection":[{"href":"https:\/\/www.actualidadadiario.com\/index.php\/wp-json\/wp\/v2\/posts"}],"about":[{"href":"https:\/\/www.actualidadadiario.com\/index.php\/wp-json\/wp\/v2\/types\/post"}],"author":[{"embeddable":true,"href":"https:\/\/www.actualidadadiario.com\/index.php\/wp-json\/wp\/v2\/users\/3"}],"replies":[{"embeddable":true,"href":"https:\/\/www.actualidadadiario.com\/index.php\/wp-json\/wp\/v2\/comments?post=134159"}],"version-history":[{"count":1,"href":"https:\/\/www.actualidadadiario.com\/index.php\/wp-json\/wp\/v2\/posts\/134159\/revisions"}],"predecessor-version":[{"id":134160,"href":"https:\/\/www.actualidadadiario.com\/index.php\/wp-json\/wp\/v2\/posts\/134159\/revisions\/134160"}],"wp:featuredmedia":[{"embeddable":true,"href":"https:\/\/www.actualidadadiario.com\/index.php\/wp-json\/wp\/v2\/media\/130776"}],"wp:attachment":[{"href":"https:\/\/www.actualidadadiario.com\/index.php\/wp-json\/wp\/v2\/media?parent=134159"}],"wp:term":[{"taxonomy":"category","embeddable":true,"href":"https:\/\/www.actualidadadiario.com\/index.php\/wp-json\/wp\/v2\/categories?post=134159"},{"taxonomy":"post_tag","embeddable":true,"href":"https:\/\/www.actualidadadiario.com\/index.php\/wp-json\/wp\/v2\/tags?post=134159"}],"curies":[{"name":"wp","href":"https:\/\/api.w.org\/{rel}","templated":true}]}}