{"id":134154,"date":"2025-11-26T09:10:24","date_gmt":"2025-11-26T12:10:24","guid":{"rendered":"https:\/\/www.actualidadadiario.com\/?p=134154"},"modified":"2025-11-26T09:10:24","modified_gmt":"2025-11-26T12:10:24","slug":"el-proyecto-de-ley-de-presupuesto-para-el-2026-ingreso-al-senado","status":"publish","type":"post","link":"https:\/\/www.actualidadadiario.com\/index.php\/2025\/11\/26\/el-proyecto-de-ley-de-presupuesto-para-el-2026-ingreso-al-senado\/","title":{"rendered":"El proyecto de ley de Presupuesto para el 2026 ingres\u00f3 al Senado"},"content":{"rendered":"<p style=\"text-align: center;\"><em><strong>El proyecto de Presupuesto 2026 ya cuenta con media sanci\u00f3n de Diputados y ser\u00e1 analizado por los integrantes de la Comisi\u00f3n de Presupuesto y Hacienda de la C\u00e1mara Alta<\/strong><\/em><\/p>\n<p>&nbsp;<\/p>\n<p>&nbsp;<\/p>\n<p>La C\u00e1mara de Senadores de Entre R\u00edos realiz\u00f3 este martes la 18\u00aa Sesi\u00f3n Ordinaria correspondiente al 146\u00ba Periodo Legislativo, presidida por la vicegobernadora y presidente del cuerpo, Alicia Aluani. Entre otras iniciativas, ingres\u00f3 el proyecto de ley de Presupuesto y se aprob\u00f3 la pr\u00f3rroga del per\u00edodo de sesiones ordinarias hasta el 14 de febrero pr\u00f3ximo.<\/p>\n<p>&nbsp;<\/p>\n<p><strong>Proyecto de Presupuesto 2026<\/strong><\/p>\n<p>Durante la sesi\u00f3n, ingres\u00f3 el proyecto de ley por el que se establece el Presupuesto General de la Administraci\u00f3n para el Ejercicio 2026, que ya cuenta con la sanci\u00f3n de la C\u00e1mara de Diputados. El Expediente N\u00b028.722 fue girado a la Comisi\u00f3n de Presupuesto y Hacienda.<\/p>\n<p>&nbsp;<\/p>\n<p><strong>Pr\u00f3rroga de sesiones ordinarias<\/strong><\/p>\n<p>Luego, los senadores aprobaron sobre tablas el proyecto de resoluci\u00f3n de los presidentes de bloque Rub\u00e9n Dal Mol\u00edn (Federaci\u00f3n \u2013 Juntos Por Entre R\u00edos), Mart\u00edn Oliva (Uruguay \u2013 M\u00e1s Para Entre R\u00edos) y Gladys Dom\u00ednguez (Feliciano \u2013 Peronismo Federal) por el que se prorroga el Per\u00edodo de Sesiones Ordinarias del 146\u00ba Per\u00edodo Legislativo hasta el 14 de febrero del 2026, en virtud de lo dispuesto por el Art\u00edculo 106\u00ba de la Constituci\u00f3n Provincial. (Expediente N\u00ba 32.826).<\/p>\n<p>&nbsp;<\/p>\n<p><strong>Otros proyectos<\/strong><\/p>\n<p>Sobre tablas, el cuerpo aprob\u00f3 el proyecto de ley de autor\u00eda del Poder Ejecutivo, por el cual se aprueba el ingreso al Gobierno de la Provincia de Entre R\u00edos al Consorcio Interjurisdiccional Regional \u201cMancomunidad Parque Ambiental del Gran Paran\u00e1\u201d (Expediente N\u00ba 15.551). El senador por el departamento Nogoy\u00e1, Rafael Cavagna fundament\u00f3 la iniciativa y solicit\u00f3 el acompa\u00f1amiento de sus pares.<\/p>\n<p>Adem\u00e1s, se dio tratamiento al proyecto de comunicaci\u00f3n de autor\u00eda del senador Ramiro Favre (Col\u00f3n- Juntos por Entre R\u00edos) por el que se solicita al Poder Ejecutivo Provincial, a trav\u00e9s del Ministerio de Salud, que se declare a la Provincia en Emergencia Sanitaria en Salud Mental por el t\u00e9rmino de 12 meses, con el objetivo de fortalecer las pol\u00edticas de prevenci\u00f3n e intervenci\u00f3n desde las instituciones de salud. (Expediente N\u00b032.816).<\/p>\n<p>Tambi\u00e9n se trat\u00f3 el proyecto de comunicaci\u00f3n de autor\u00eda del senador V\u00edctor Sanzberro (Victoria \u2013 M\u00e1s para Entre R\u00edos), por el que se ve con agrado que el Poder Ejecutivo Provincial, a trav\u00e9s de la Direcci\u00f3n Provincial de Vialidad, contemple la puesta en valor del tramo comprendido entre el camino denominado \u201cA la Escuela N\u00ba17\u201d y la localidad de Isleta (Denominado Camino \u201cCalzada Las Chilcas\u201d), correspondiente a la Red Secundaria de caminos provinciales. (Expediente N\u00b015.569).<\/p>\n<p>Se dio tratamiento, adem\u00e1s, al proyecto de comunicaci\u00f3n de autor\u00eda de la senadora Patricia D\u00edaz (La Paz \u2013 M\u00e1s para Entre R\u00edos), por el que se ver\u00eda con agrado que el Poder Ejecutivo Provincial, a trav\u00e9s de la Secretar\u00eda de Deportes y en coordinaci\u00f3n con el Banco de Entre R\u00edos S.A. (BERSA), agente financiero de la Provincia, arbitre los medios necesarios para implementar un programa de bancarizaci\u00f3n para las entidades deportivas entrerrianas. (Expediente N\u00b0 15.577).<\/p>\n<p>&nbsp;<\/p>\n<p><strong>Iniciativas presentadas por Diputados y Senadores<\/strong><\/p>\n<p>En la sesi\u00f3n de este martes ingres\u00f3 el proyecto de Ley de autor\u00eda del Poder Ejecutivo por el que se ratifica en todos sus t\u00e9rminos el Decreto N\u00ba1.402\/2.025 GOB, de fecha 27 de junio de 2025, dictado por el Poder Ejecutivo. Expediente N\u00b0 28.431.<\/p>\n<p>Tambi\u00e9n el proyecto de Ley de autor\u00eda de la diputada Arrozogaray y de sus pares Decc\u00f3, Moreno, Stratta y Seyler Yari en revisi\u00f3n, por el que se incorporan art\u00edculos a la Ley N\u00ba 9424 de creaci\u00f3n del Registro de Deudores Alimentarios. Expediente N\u00b0 28.301.<\/p>\n<p>Luego, se dio ingreso al proyecto de Ley de autor\u00eda del senador V\u00edctor Sanzberro, por el que se prorroga hasta el 31 de diciembre de 2026 el plazo de vigencia y aplicaci\u00f3n de la Ley N\u00ba 11.140, por la que se declar\u00f3 el estado de emergencia p\u00fablica en materia de seguridad alimentaria en el \u00e1mbito de la provincia de Entre R\u00edos. Expediente N\u00b0 15.567.<\/p>\n<p>Adem\u00e1s, ingres\u00f3 el Expediente N\u00ba15.557, proyecto de autor\u00eda del senador Juan Pablo Cosso (Villaguay \u2013 M\u00e1s para Entre R\u00edos) por el que se promueve la transformaci\u00f3n digital de Micro, Peque\u00f1as y Medianas Empresas (MiPyMEs) radicadas en la provincia de Entre R\u00edos.<\/p>\n","protected":false},"excerpt":{"rendered":"<p>El proyecto de Presupuesto 2026 ya cuenta con media sanci\u00f3n de Diputados y ser\u00e1 analizado por los integrantes de la Comisi\u00f3n de Presupuesto y Hacienda de la C\u00e1mara Alta &nbsp; &nbsp; La C\u00e1mara de Senadores de Entre R\u00edos realiz\u00f3 este martes la 18\u00aa Sesi\u00f3n Ordinaria correspondiente al 146\u00ba Periodo Legislativo, presidida por la vicegobernadora y presidente del cuerpo, Alicia Aluani. Entre otras iniciativas, ingres\u00f3 el proyecto de ley de Presupuesto y se aprob\u00f3 la pr\u00f3rroga del per\u00edodo de sesiones ordinarias hasta el 14 de febrero pr\u00f3ximo. &nbsp; Proyecto de Presupuesto&#8230;<\/p>\n","protected":false},"author":3,"featured_media":133621,"comment_status":"closed","ping_status":"closed","sticky":false,"template":"","format":"standard","meta":[],"categories":[15],"tags":[],"_links":{"self":[{"href":"https:\/\/www.actualidadadiario.com\/index.php\/wp-json\/wp\/v2\/posts\/134154"}],"collection":[{"href":"https:\/\/www.actualidadadiario.com\/index.php\/wp-json\/wp\/v2\/posts"}],"about":[{"href":"https:\/\/www.actualidadadiario.com\/index.php\/wp-json\/wp\/v2\/types\/post"}],"author":[{"embeddable":true,"href":"https:\/\/www.actualidadadiario.com\/index.php\/wp-json\/wp\/v2\/users\/3"}],"replies":[{"embeddable":true,"href":"https:\/\/www.actualidadadiario.com\/index.php\/wp-json\/wp\/v2\/comments?post=134154"}],"version-history":[{"count":1,"href":"https:\/\/www.actualidadadiario.com\/index.php\/wp-json\/wp\/v2\/posts\/134154\/revisions"}],"predecessor-version":[{"id":134155,"href":"https:\/\/www.actualidadadiario.com\/index.php\/wp-json\/wp\/v2\/posts\/134154\/revisions\/134155"}],"wp:featuredmedia":[{"embeddable":true,"href":"https:\/\/www.actualidadadiario.com\/index.php\/wp-json\/wp\/v2\/media\/133621"}],"wp:attachment":[{"href":"https:\/\/www.actualidadadiario.com\/index.php\/wp-json\/wp\/v2\/media?parent=134154"}],"wp:term":[{"taxonomy":"category","embeddable":true,"href":"https:\/\/www.actualidadadiario.com\/index.php\/wp-json\/wp\/v2\/categories?post=134154"},{"taxonomy":"post_tag","embeddable":true,"href":"https:\/\/www.actualidadadiario.com\/index.php\/wp-json\/wp\/v2\/tags?post=134154"}],"curies":[{"name":"wp","href":"https:\/\/api.w.org\/{rel}","templated":true}]}}