{"id":134148,"date":"2025-11-25T10:27:46","date_gmt":"2025-11-25T13:27:46","guid":{"rendered":"https:\/\/www.actualidadadiario.com\/?p=134148"},"modified":"2025-11-25T10:27:46","modified_gmt":"2025-11-25T13:27:46","slug":"25n-argentina-sin-prevencion-y-con-aumento-de-crimenes-por-motivos-de-genero","status":"publish","type":"post","link":"https:\/\/www.actualidadadiario.com\/index.php\/2025\/11\/25\/25n-argentina-sin-prevencion-y-con-aumento-de-crimenes-por-motivos-de-genero\/","title":{"rendered":"25N: Argentina sin prevenci\u00f3n y con aumento de cr\u00edmenes por motivos de g\u00e9nero"},"content":{"rendered":"<p style=\"text-align: center;\"><em><strong>La fecha conmemora el asesinato de las hermanas Mirabal en Rep\u00fablica Dominicana. Cu\u00e1l es la situaci\u00f3n en la Argentina ante la ausencia de pol\u00edticas p\u00fablicas y el aumento de discursos de odio direccionados a mujeres y diversidades<\/strong><\/em><\/p>\n<p>&nbsp;<\/p>\n<p>&nbsp;<\/p>\n<p>El 25 de noviembre de 1960 las hermanas Mirabal fueron brutalmente asesinadas por motivos pol\u00edticos, pero tambi\u00e9n por ser mujeres. Fueron asesinadas por orden del dictador dominicano Rafael Trujillo. Casi 40 a\u00f1os despu\u00e9s, la Organizaci\u00f3n de Naciones Unidas (ONU) oficializ\u00f3 esa fecha como el D\u00eda Internacional de No Violencia Contra las Mujeres y el inicio de la campa\u00f1a 16 d\u00edas de activismo contra la violencia de g\u00e9nero que se realiza cada a\u00f1o.<\/p>\n<p>La fecha llega a la Argentina en un contexto muy poco favorable para mujeres y diversidades tras la eliminaci\u00f3n de pol\u00edticas p\u00fablicas destinadas a prevenir y erradicar la violencia de g\u00e9nero, el incremento de los discursos de odio, el aumento de los femicidios y los cr\u00edmenes de odio y el ataque directo a los derechos que el movimiento transfeminista consigui\u00f3.<\/p>\n<p>&nbsp;<\/p>\n<p><strong>El registro de la violencia pol\u00edtica<\/strong><\/p>\n<p>Pero adem\u00e1s llega con una profundizaci\u00f3n de la violencia pol\u00edtica. En 2016, la prisi\u00f3n a Milagro Sala fue el puntapi\u00e9 inicial para que gobiernos de derecha inicien acciones de disciplinamiento contra las mujeres. Durante 2020 organizaciones transfeministas denunciaron el crecimiento de la violencia pol\u00edtica contra las mujeres que ocupaban cargos ejecutivos o legislativos. En 2022, fue un punto de inflexi\u00f3n luego del intento de asesinato a la entonces vicepresidenta (y expresidenta en dos per\u00edodos).<\/p>\n<p>En 2024 se elimin\u00f3 el Ministerio de Mujeres, G\u00e9neros y Diversidad estigmatizando a sus funcionarias y en 2025, en junio, se encarcel\u00f3 a la actual presidenta del Partido Justicialista, Cristina Fern\u00e1ndez de Kirchner. Semanas despu\u00e9s, cuatro mujeres fueron encarceladas por haber realizado un escrache.<\/p>\n<p>&nbsp;<\/p>\n<p><strong>Argentina y el aumento de los femicidios<\/strong><\/p>\n<p>Seg\u00fan el Observatorio de femicidios en Argentina Adriana Marisel Zambrano desde el 25 de noviembre de 2024 al 22 de noviembre de 2025 se produjeron 260 v\u00edctimas de violencia de g\u00e9nero: 237 femicidios y vinculados de mujeres y ni\u00f1as, 3 trans\/travesticidios, 1 lesbicidio y 19 femicidios vinculados de varones y ni\u00f1os.<\/p>\n<p>El observatorio destaca que solo entre octubre y lo que va de noviembre de este a\u00f1o se han registrado 36 femicidios, 1 trans\/travesticidio y 5 femicidios vinculados de varones.<\/p>\n<p>\u201cUn nuevo 25N en que las violencias hacia las mujeres, ni\u00f1as, adolescentes y diversidades no disminuyen, por el contrario, se acrecientan. La violencia m\u00e1s extrema que es el femicidio y todas las que la preceden -visibles o no-, que van minando la autoestima, la seguridad, a\u00edslan y culpabilizan haci\u00e9ndonos sentir merecedoras de lo que nos ocurre\u201d, dice el comunicado emitido por Casa del Encuentro, de donde depende el observatorio.<\/p>\n<p>\u201cEste d\u00eda, y todos los d\u00edas, debemos visibilizar las violencias, micro y macro, en todos los \u00e1mbitos en los que desarrollamos nuestras vidas; las responsabilidades de quienes habilitan a que esto contin\u00fae sucediendo sin actuar y la obligaci\u00f3n de cada una de nosotras y nosotros de involucrarnos como parte de una sociedad comprometida para no repetir ni replicar.\u201d<\/p>\n<p>&nbsp;<\/p>\n<p><strong>Violencia registrada<\/strong><\/p>\n<p>El observatorio cita tambi\u00e9n el \u00cdndice de Concientizaci\u00f3n sobre Violencia hacia las Mujeres presentado este mes por Fundaci\u00f3n Instituto Natura y Avon, el 87% de las mujeres reconoce haber transitado alguna situaci\u00f3n de violencia; el 75% afirm\u00f3 que tomar\u00eda alguna medida como llamar a la polic\u00eda; solo el 27% de la poblaci\u00f3n encuestada (3 de cada 10) alcanza niveles muy altos y altos de concientizaci\u00f3n sobre violencia hacia las mujeres.<\/p>\n<p>De esas 3, dos son mujeres; 3 de cada 4 cree que eliminarla es una responsabilidad colectiva y 8 de 10 creen que la violencia no distingue g\u00e9nero, entre otros datos. N\u00fameros que no son solo n\u00fameros pero que deber\u00edan serlo para quienes tienen la obligaci\u00f3n de trabajar para disminuirlos d\u00eda a d\u00eda.<\/p>\n<p>Por su parte, en el \u00e1mbito LGBT, de acuerdo al \u00faltimo informe del Observatorio Nacional de Cr\u00edmenes de Odio LGBT+, entre el 1 de enero y el 30 de junio de 2025, en Argentina ocurrieron 102 cr\u00edmenes de odio por la orientaci\u00f3n sexual, la identidad y\/o la expresi\u00f3n de g\u00e9nero de las v\u00edctimas. La cifra implica un alarmante incremento del 70% en comparaci\u00f3n con el mismo per\u00edodo del a\u00f1o anterior, en el que se hab\u00edan contabilizado 60 casos.<\/p>\n<p>&nbsp;<\/p>\n<p><strong>\u00bfQui\u00e9nes eran las hermanas Mirabal?<\/strong><\/p>\n<p>Las hermanas Mirabal nacieron en Ojo de Agua, un peque\u00f1o poblado de la provincia de Salcedo, en el norte del pa\u00eds, y pertenec\u00edan a una familia acomodada. En 1949 la familia fue invitada a una recepci\u00f3n en honor al dictador Trujillo, quien r\u00e1pidamente se sinti\u00f3 atra\u00eddo por la belleza de Minerva y comenz\u00f3 a cortejarla sin \u00e9xito. Ella, sin embargo, le exig\u00eda que termine el acoso judicial contra su amigo \u00edntimo Pericles Franco, uno de los fundadores del Partido Socialista Popular.<\/p>\n<p>Minerva, Patria y Mar\u00eda Teresa fueron encarceladas, violadas y torturadas en varias ocasiones; su padre, Enrique, tambi\u00e9n fue apresado y liberado varias veces hasta que se enferm\u00f3 y muri\u00f3 a finales de 1953.<\/p>\n<p>El asesinato de las tres hermanas ocurri\u00f3 en medio de un descontento social que crec\u00eda a pasos agigantados. El 25 de noviembre de 1960, el cuerpo de Minerva apareci\u00f3 destrozado en el fondo de un barranco, en el interior de un jeep junto con sus dos hermanas, Patria y Mar\u00eda Teresa, y el conductor del auto, Rufino de la Cruz.<\/p>\n<p>Pasaron los a\u00f1os, pero las Mirabal quedaron cristalizadas en la memoria colectiva de activistas feministas que 21 a\u00f1os despu\u00e9s, en 1981, llevaron a cabo el Primer Encuentro Feminista Latinoamericano y del Caribe en Bogot\u00e1, Colombia, y decidieron que cada 25 de noviembre se celebre el D\u00eda Internacional de la Eliminaci\u00f3n de la Violencia contra la Mujer.<\/p>\n<p>&nbsp;<\/p>\n<p><strong>\u201cSi me mata yo sacar\u00e9 los brazos de la tumba y ser\u00e9 m\u00e1s fuerte\u201d<\/strong><\/p>\n<p>Cuando Minerva Mirabal se enter\u00f3 que Trujillo quer\u00eda asesinarla, dijo una frase que sigue cobrando significado: \u201csi me mata yo sacar\u00e9 los brazos de la tumba y ser\u00e9 m\u00e1s fuerte\u201d.<\/p>\n<p>Efectivamente, su muerte y la de sus hermanas fue el punto de partida para pensar y combatir la participaci\u00f3n de las mujeres en la vida pol\u00edtica y el disciplinamiento patriarcal hist\u00f3rico..<\/p>\n<p>\u201cLos n\u00fameros siguen d\u00e1ndonos en la cara en materia de la violencia hacia las mujeres. Gracias precisamente al aporte de las latinoamericanas hoy, a nivel mundial hay un d\u00eda dedicado a combatir la violencia hacia las mujeres, que es el 25 de noviembre, en honor a mi madre Minerva y a mi t\u00eda Marcia y Mar\u00eda Teresa. En este momento, nosotras tenemos un grand\u00edsimo desaf\u00edo y es entender que nuestras luchas tienen que ser vinculantes. Y que podemos, en la calle, poner los puntos en las agendas\u201d, expres\u00f3. \u201cTenemos que dar el paso de la militancia, de la participaci\u00f3n en la pol\u00edtica, porque solo desde la pol\u00edtica se toman las decisiones de pol\u00edticas p\u00fablicas, que son las que van a impactar y las que van a permitir que esos cambios que proponemos y que demandamos se conviertan en realidad tangible. Ese es el principal desaf\u00edo.\u201d<\/p>\n","protected":false},"excerpt":{"rendered":"<p>La fecha conmemora el asesinato de las hermanas Mirabal en Rep\u00fablica Dominicana. Cu\u00e1l es la situaci\u00f3n en la Argentina ante la ausencia de pol\u00edticas p\u00fablicas y el aumento de discursos de odio direccionados a mujeres y diversidades &nbsp; &nbsp; El 25 de noviembre de 1960 las hermanas Mirabal fueron brutalmente asesinadas por motivos pol\u00edticos, pero tambi\u00e9n por ser mujeres. Fueron asesinadas por orden del dictador dominicano Rafael Trujillo. Casi 40 a\u00f1os despu\u00e9s, la Organizaci\u00f3n de Naciones Unidas (ONU) oficializ\u00f3 esa fecha como el D\u00eda Internacional de No Violencia Contra las&#8230;<\/p>\n","protected":false},"author":3,"featured_media":59783,"comment_status":"closed","ping_status":"closed","sticky":false,"template":"","format":"standard","meta":[],"categories":[9],"tags":[],"_links":{"self":[{"href":"https:\/\/www.actualidadadiario.com\/index.php\/wp-json\/wp\/v2\/posts\/134148"}],"collection":[{"href":"https:\/\/www.actualidadadiario.com\/index.php\/wp-json\/wp\/v2\/posts"}],"about":[{"href":"https:\/\/www.actualidadadiario.com\/index.php\/wp-json\/wp\/v2\/types\/post"}],"author":[{"embeddable":true,"href":"https:\/\/www.actualidadadiario.com\/index.php\/wp-json\/wp\/v2\/users\/3"}],"replies":[{"embeddable":true,"href":"https:\/\/www.actualidadadiario.com\/index.php\/wp-json\/wp\/v2\/comments?post=134148"}],"version-history":[{"count":1,"href":"https:\/\/www.actualidadadiario.com\/index.php\/wp-json\/wp\/v2\/posts\/134148\/revisions"}],"predecessor-version":[{"id":134149,"href":"https:\/\/www.actualidadadiario.com\/index.php\/wp-json\/wp\/v2\/posts\/134148\/revisions\/134149"}],"wp:featuredmedia":[{"embeddable":true,"href":"https:\/\/www.actualidadadiario.com\/index.php\/wp-json\/wp\/v2\/media\/59783"}],"wp:attachment":[{"href":"https:\/\/www.actualidadadiario.com\/index.php\/wp-json\/wp\/v2\/media?parent=134148"}],"wp:term":[{"taxonomy":"category","embeddable":true,"href":"https:\/\/www.actualidadadiario.com\/index.php\/wp-json\/wp\/v2\/categories?post=134148"},{"taxonomy":"post_tag","embeddable":true,"href":"https:\/\/www.actualidadadiario.com\/index.php\/wp-json\/wp\/v2\/tags?post=134148"}],"curies":[{"name":"wp","href":"https:\/\/api.w.org\/{rel}","templated":true}]}}