{"id":134138,"date":"2025-11-25T10:16:49","date_gmt":"2025-11-25T13:16:49","guid":{"rendered":"https:\/\/www.actualidadadiario.com\/?p=134138"},"modified":"2025-11-25T10:16:49","modified_gmt":"2025-11-25T13:16:49","slug":"cuando-es-el-proximo-feriado-en-argentina-2","status":"publish","type":"post","link":"https:\/\/www.actualidadadiario.com\/index.php\/2025\/11\/25\/cuando-es-el-proximo-feriado-en-argentina-2\/","title":{"rendered":"\u00bfCu\u00e1ndo es el pr\u00f3ximo feriado en Argentina?"},"content":{"rendered":"<p style=\"text-align: center;\"><em><strong>Diciembre trae dos feriados. Sin embargo, uno solo genera un fin de semana largo<\/strong><\/em><\/p>\n<p>&nbsp;<\/p>\n<p>&nbsp;<\/p>\n<p>Sobre el final del fin de semana largo por el D\u00eda de la Soberan\u00eda Nacional, muchas familias argentinas ya se preguntan cu\u00e1ndo ser\u00e1 el pr\u00f3ximo descanso extendido en Argentina. Aunque falta un poco, diciembre traer\u00e1 algo de alivio con dos d\u00edas feriado. Uno de ellos generar\u00e1 un fin de semana largo de tres d\u00edas.<\/p>\n<p>El primero es el 8 de diciembre, feriado nacional por el D\u00eda de la Inmaculada Concepci\u00f3n de Mar\u00eda. Como el d\u00eda festivo cae lunes, se genera un fin de semana largo de tres d\u00edas.<\/p>\n<p>El segundo d\u00eda feriado del \u00faltimo mes del a\u00f1o es el 25 de diciembre, que este a\u00f1o cae jueves. Como el Gobierno nacional no decret\u00f3 un feriado puente ni un d\u00eda no laborable para el viernes 26, no habr\u00e1 fin de semana largo para la celebraci\u00f3n de la Navidad.<\/p>\n<p>Seg\u00fan establece la Ley 27.399, el Gobierno nacional puede definir hasta tres feriados puente al a\u00f1o, siempre ubicados en lunes o viernes, para fomentar el turismo interno.<\/p>\n<p>&nbsp;<\/p>\n<p><strong>\u00bfC\u00f3mo caen los feriados 2026?<\/strong><\/p>\n<p>Para conocer los feriados 2026 y planificar alguna escapada para cortar la rutina, es necesario esperar la comunicaci\u00f3n oficial del Ministerio del Interior. Por lo general, esta informaci\u00f3n se da a conocer en los \u00faltimos d\u00edas de diciembre.<\/p>\n<p>El \u00fanico d\u00eda feriado que se puede adelantar del 2026 es el 1\u00ba de enero, que en esta oportunidad cae jueves. Si el Gobierno nacional mantiene la pol\u00edtica de feriados de este a\u00f1o, no habr\u00e1 feriado puente ni d\u00eda no laborable para el viernes 2 de enero, por lo tanto, tampoco se generar\u00e1 un fin de semana largo.<\/p>\n<p>&nbsp;<\/p>\n<p><strong>\u00bfPor qu\u00e9 el \u00e1rbol de Navidad se arma el 8 de diciembre?<\/strong><\/p>\n<p>La costumbre indica que el \u00e1rbol de Navidad en Argentina hay que armarlo el 8 de diciembre. En esa fecha se celebra el D\u00eda de la Inmaculada Concepci\u00f3n de Mar\u00eda. Y hay una ventaja: en el pa\u00eds es feriado nacional por lo que muchos aprovechan que tienen m\u00e1s tiempo libre para dedicarse a la decoraci\u00f3n navide\u00f1a.<\/p>\n<p>La festividad cat\u00f3lica no tiene relaci\u00f3n con el armado y decoraci\u00f3n del arbolito, pero se adapt\u00f3 a la historia religiosa y al nacimiento de Jesucristo: el \u00e1rbol original emergi\u00f3 como una representaci\u00f3n del amor de Dios y su forma triangular se asocia a la Sant\u00edsima Trinidad.<\/p>\n<p>Tambi\u00e9n, la decoraci\u00f3n tiene su sentido \u201ccat\u00f3lico\u201d: las peque\u00f1as pelotas de colores simbolizan las manzanas del para\u00edso que habitaron Ad\u00e1n y Eva antes de cometer el pecado original. En tanto, las luces representan velas, \u201cla luz de Cristo\u201d, el v\u00ednculo de uni\u00f3n entre las familias y las personas.<\/p>\n","protected":false},"excerpt":{"rendered":"<p>Diciembre trae dos feriados. Sin embargo, uno solo genera un fin de semana largo &nbsp; &nbsp; Sobre el final del fin de semana largo por el D\u00eda de la Soberan\u00eda Nacional, muchas familias argentinas ya se preguntan cu\u00e1ndo ser\u00e1 el pr\u00f3ximo descanso extendido en Argentina. Aunque falta un poco, diciembre traer\u00e1 algo de alivio con dos d\u00edas feriado. Uno de ellos generar\u00e1 un fin de semana largo de tres d\u00edas. El primero es el 8 de diciembre, feriado nacional por el D\u00eda de la Inmaculada Concepci\u00f3n de Mar\u00eda. Como el&#8230;<\/p>\n","protected":false},"author":3,"featured_media":122212,"comment_status":"closed","ping_status":"closed","sticky":false,"template":"","format":"standard","meta":[],"categories":[2],"tags":[],"_links":{"self":[{"href":"https:\/\/www.actualidadadiario.com\/index.php\/wp-json\/wp\/v2\/posts\/134138"}],"collection":[{"href":"https:\/\/www.actualidadadiario.com\/index.php\/wp-json\/wp\/v2\/posts"}],"about":[{"href":"https:\/\/www.actualidadadiario.com\/index.php\/wp-json\/wp\/v2\/types\/post"}],"author":[{"embeddable":true,"href":"https:\/\/www.actualidadadiario.com\/index.php\/wp-json\/wp\/v2\/users\/3"}],"replies":[{"embeddable":true,"href":"https:\/\/www.actualidadadiario.com\/index.php\/wp-json\/wp\/v2\/comments?post=134138"}],"version-history":[{"count":1,"href":"https:\/\/www.actualidadadiario.com\/index.php\/wp-json\/wp\/v2\/posts\/134138\/revisions"}],"predecessor-version":[{"id":134139,"href":"https:\/\/www.actualidadadiario.com\/index.php\/wp-json\/wp\/v2\/posts\/134138\/revisions\/134139"}],"wp:featuredmedia":[{"embeddable":true,"href":"https:\/\/www.actualidadadiario.com\/index.php\/wp-json\/wp\/v2\/media\/122212"}],"wp:attachment":[{"href":"https:\/\/www.actualidadadiario.com\/index.php\/wp-json\/wp\/v2\/media?parent=134138"}],"wp:term":[{"taxonomy":"category","embeddable":true,"href":"https:\/\/www.actualidadadiario.com\/index.php\/wp-json\/wp\/v2\/categories?post=134138"},{"taxonomy":"post_tag","embeddable":true,"href":"https:\/\/www.actualidadadiario.com\/index.php\/wp-json\/wp\/v2\/tags?post=134138"}],"curies":[{"name":"wp","href":"https:\/\/api.w.org\/{rel}","templated":true}]}}