{"id":134134,"date":"2025-11-25T10:15:57","date_gmt":"2025-11-25T13:15:57","guid":{"rendered":"https:\/\/www.actualidadadiario.com\/?p=134134"},"modified":"2025-11-25T10:16:10","modified_gmt":"2025-11-25T13:16:10","slug":"yerbateros-suspenden-la-zafra-de-verano-en-rechazo-a-la-desregulacion-de-milei","status":"publish","type":"post","link":"https:\/\/www.actualidadadiario.com\/index.php\/2025\/11\/25\/yerbateros-suspenden-la-zafra-de-verano-en-rechazo-a-la-desregulacion-de-milei\/","title":{"rendered":"Yerbateros suspenden la zafra de verano en rechazo a la desregulaci\u00f3n de Milei"},"content":{"rendered":"<p style=\"text-align: center;\"><em><strong>M\u00e1s de un centenar de productores ir\u00e1n al paro en la previa de la cosecha estival en la provincia de Misiones. &#8220;Los bajos precios y los altos costos, nos dejan en jaque&#8221;, advierten<\/strong><\/em><\/p>\n<p>&nbsp;<\/p>\n<p>&nbsp;<\/p>\n<p>M\u00e1s de un centenar de yerbateros del centro misionero decidieron suspender el inicio de la zafra de verano prevista para diciembre al alertar un panorama de insolvencia que, con el \u00faltimo decreto del presidente Javier Milei, deja al borde de la quiebra a cerca de 12.500 productores.<\/p>\n<p>La medida se tom\u00f3 luego de la desregulaci\u00f3n del mercado de Yerba Mate que, entre otras cosas, estableci\u00f3 que el Instituto Nacional de la Yerba Mate (INYM) ya no va a intervenir fijando precios de referencia.<\/p>\n<p>De acuerdo al argumento de los productores, la decisi\u00f3n del Gobierno complica a peque\u00f1os y medianos productores de Misiones.<\/p>\n<p>En ese sentido, la eliminaci\u00f3n de los art\u00edculos de la ley que permit\u00edan fijar precios coloc\u00f3 a los yerbateros en una fuerte desventaja con respecto a las empresas que industrializan y almacenan el stock para un a\u00f1o.<\/p>\n<p>&nbsp;<\/p>\n<p><strong>A p\u00e9rdida<\/strong><\/p>\n<p>Marcel Hacklander, productor yerbatero y exintegrante del INYM, sostuvo que se tom\u00f3 la decisi\u00f3n de no comenzar la cosecha porque \u00ablos bajos precios y los altos costos, nos dejan en jaque\u00bb.<\/p>\n<p>\u00abMediante peque\u00f1as reuniones que s\u00e9 fueron llevando adelante desde hace varios d\u00edas y de los 12.500 productores, seguramente m\u00e1s de 10.000 estamos de acuerdo en no cosechar\u201d, agreg\u00f3.<\/p>\n<p>En la actualidad, el kilo de yerba est\u00e1 cerca de los 285 pesos mientras que, seg\u00fan sostienen, los costos est\u00e1n por los 245$ es decir, existe un trabajo a p\u00e9rdida que hace imposible sostenerlo.<\/p>\n","protected":false},"excerpt":{"rendered":"<p>M\u00e1s de un centenar de productores ir\u00e1n al paro en la previa de la cosecha estival en la provincia de Misiones. &#8220;Los bajos precios y los altos costos, nos dejan en jaque&#8221;, advierten &nbsp; &nbsp; M\u00e1s de un centenar de yerbateros del centro misionero decidieron suspender el inicio de la zafra de verano prevista para diciembre al alertar un panorama de insolvencia que, con el \u00faltimo decreto del presidente Javier Milei, deja al borde de la quiebra a cerca de 12.500 productores. La medida se tom\u00f3 luego de la desregulaci\u00f3n&#8230;<\/p>\n","protected":false},"author":3,"featured_media":134135,"comment_status":"closed","ping_status":"closed","sticky":false,"template":"","format":"standard","meta":[],"categories":[2],"tags":[],"_links":{"self":[{"href":"https:\/\/www.actualidadadiario.com\/index.php\/wp-json\/wp\/v2\/posts\/134134"}],"collection":[{"href":"https:\/\/www.actualidadadiario.com\/index.php\/wp-json\/wp\/v2\/posts"}],"about":[{"href":"https:\/\/www.actualidadadiario.com\/index.php\/wp-json\/wp\/v2\/types\/post"}],"author":[{"embeddable":true,"href":"https:\/\/www.actualidadadiario.com\/index.php\/wp-json\/wp\/v2\/users\/3"}],"replies":[{"embeddable":true,"href":"https:\/\/www.actualidadadiario.com\/index.php\/wp-json\/wp\/v2\/comments?post=134134"}],"version-history":[{"count":2,"href":"https:\/\/www.actualidadadiario.com\/index.php\/wp-json\/wp\/v2\/posts\/134134\/revisions"}],"predecessor-version":[{"id":134137,"href":"https:\/\/www.actualidadadiario.com\/index.php\/wp-json\/wp\/v2\/posts\/134134\/revisions\/134137"}],"wp:featuredmedia":[{"embeddable":true,"href":"https:\/\/www.actualidadadiario.com\/index.php\/wp-json\/wp\/v2\/media\/134135"}],"wp:attachment":[{"href":"https:\/\/www.actualidadadiario.com\/index.php\/wp-json\/wp\/v2\/media?parent=134134"}],"wp:term":[{"taxonomy":"category","embeddable":true,"href":"https:\/\/www.actualidadadiario.com\/index.php\/wp-json\/wp\/v2\/categories?post=134134"},{"taxonomy":"post_tag","embeddable":true,"href":"https:\/\/www.actualidadadiario.com\/index.php\/wp-json\/wp\/v2\/tags?post=134134"}],"curies":[{"name":"wp","href":"https:\/\/api.w.org\/{rel}","templated":true}]}}