{"id":134129,"date":"2025-11-25T10:13:56","date_gmt":"2025-11-25T13:13:56","guid":{"rendered":"https:\/\/www.actualidadadiario.com\/?p=134129"},"modified":"2025-11-25T10:13:56","modified_gmt":"2025-11-25T13:13:56","slug":"la-fabrica-essen-despidio-empleados-en-su-planta-de-santa-fe-y-anuncio-que-importara-desde-china","status":"publish","type":"post","link":"https:\/\/www.actualidadadiario.com\/index.php\/2025\/11\/25\/la-fabrica-essen-despidio-empleados-en-su-planta-de-santa-fe-y-anuncio-que-importara-desde-china\/","title":{"rendered":"La f\u00e1brica Essen despidi\u00f3 empleados en su planta de Santa Fe y anunci\u00f3 que importar\u00e1 desde China"},"content":{"rendered":"<p style=\"text-align: center;\"><em><strong>La empresa \u2014conocida por sus \u201collas indestructibles\u201d\u2014 ya reemplaz\u00f3 casi la mitad de su producci\u00f3n por art\u00edculos fabricados en China y redujo su planta en Venado Tuerto en un 10%<\/strong><\/em><\/p>\n<p>&nbsp;<\/p>\n<p>&nbsp;<\/p>\n<p>La desaceleraci\u00f3n del consumo y el avance de las importaciones est\u00e1n generando un impacto profundo en la industria nacional. En este contexto, una de las marcas m\u00e1s emblem\u00e1ticas del sector metal\u00fargico \u2014conocida por sus \u201collas indestructibles\u201d\u2014 tom\u00f3 una decisi\u00f3n que encendi\u00f3 las alarmas gremiales: Essen despidi\u00f3 a 30 trabajadores de su planta ubicada en Santa Fe.<\/p>\n<p>De acuerdo con informaci\u00f3n de la Agencia Noticias Argentinas, la compa\u00f1\u00eda inici\u00f3 un proceso de reemplazo parcial de su producci\u00f3n local por art\u00edculos terminados importados. Este cambio en la estructura productiva deriv\u00f3 en una reducci\u00f3n del 10% de su plantilla.<\/p>\n<p>El conflicto se profundiz\u00f3 cuando la empresa resolvi\u00f3 sustituir cerca del 45% de su manufactura nacional con componentes provenientes de China. La medida, combinada con la fuerte ca\u00edda de la demanda interna, provoc\u00f3 la paralizaci\u00f3n de varias \u00e1reas de producci\u00f3n.<\/p>\n<p>Oscar Infante, secretario general de la UOM de Venado Tuerto, expres\u00f3 su preocupaci\u00f3n por la situaci\u00f3n que enfrentan los trabajadores. \u201cHa bajado la producci\u00f3n y los empleados lo ven d\u00eda a d\u00eda en sus puestos\u201d, sostuvo. Desde el gremio denunciaron que la empresa estar\u00eda aprovechando el contexto econ\u00f3mico para avanzar en un proceso de \u201cachique\u201d o reestructuraci\u00f3n.<\/p>\n<p>La inquietud del sindicato no se limita a Essen. Infante advirti\u00f3 que Corven, otra de las firmas metal\u00fargicas m\u00e1s importantes de la provincia, tambi\u00e9n eval\u00faa aplicar recortes de personal que podr\u00edan alcanzar a unos 40 operarios.<\/p>\n<p>En un escenario marcado por la p\u00e9rdida de poder adquisitivo y la apertura del mercado a productos importados, el panorama laboral en la industria metal\u00fargica santafesina se vuelve cada vez m\u00e1s delicado.<\/p>\n","protected":false},"excerpt":{"rendered":"<p>La empresa \u2014conocida por sus \u201collas indestructibles\u201d\u2014 ya reemplaz\u00f3 casi la mitad de su producci\u00f3n por art\u00edculos fabricados en China y redujo su planta en Venado Tuerto en un 10% &nbsp; &nbsp; La desaceleraci\u00f3n del consumo y el avance de las importaciones est\u00e1n generando un impacto profundo en la industria nacional. En este contexto, una de las marcas m\u00e1s emblem\u00e1ticas del sector metal\u00fargico \u2014conocida por sus \u201collas indestructibles\u201d\u2014 tom\u00f3 una decisi\u00f3n que encendi\u00f3 las alarmas gremiales: Essen despidi\u00f3 a 30 trabajadores de su planta ubicada en Santa Fe. De acuerdo&#8230;<\/p>\n","protected":false},"author":3,"featured_media":134130,"comment_status":"closed","ping_status":"closed","sticky":false,"template":"","format":"standard","meta":[],"categories":[2],"tags":[],"_links":{"self":[{"href":"https:\/\/www.actualidadadiario.com\/index.php\/wp-json\/wp\/v2\/posts\/134129"}],"collection":[{"href":"https:\/\/www.actualidadadiario.com\/index.php\/wp-json\/wp\/v2\/posts"}],"about":[{"href":"https:\/\/www.actualidadadiario.com\/index.php\/wp-json\/wp\/v2\/types\/post"}],"author":[{"embeddable":true,"href":"https:\/\/www.actualidadadiario.com\/index.php\/wp-json\/wp\/v2\/users\/3"}],"replies":[{"embeddable":true,"href":"https:\/\/www.actualidadadiario.com\/index.php\/wp-json\/wp\/v2\/comments?post=134129"}],"version-history":[{"count":1,"href":"https:\/\/www.actualidadadiario.com\/index.php\/wp-json\/wp\/v2\/posts\/134129\/revisions"}],"predecessor-version":[{"id":134131,"href":"https:\/\/www.actualidadadiario.com\/index.php\/wp-json\/wp\/v2\/posts\/134129\/revisions\/134131"}],"wp:featuredmedia":[{"embeddable":true,"href":"https:\/\/www.actualidadadiario.com\/index.php\/wp-json\/wp\/v2\/media\/134130"}],"wp:attachment":[{"href":"https:\/\/www.actualidadadiario.com\/index.php\/wp-json\/wp\/v2\/media?parent=134129"}],"wp:term":[{"taxonomy":"category","embeddable":true,"href":"https:\/\/www.actualidadadiario.com\/index.php\/wp-json\/wp\/v2\/categories?post=134129"},{"taxonomy":"post_tag","embeddable":true,"href":"https:\/\/www.actualidadadiario.com\/index.php\/wp-json\/wp\/v2\/tags?post=134129"}],"curies":[{"name":"wp","href":"https:\/\/api.w.org\/{rel}","templated":true}]}}