{"id":134122,"date":"2025-11-25T09:26:51","date_gmt":"2025-11-25T12:26:51","guid":{"rendered":"https:\/\/www.actualidadadiario.com\/?p=134122"},"modified":"2025-11-25T09:26:51","modified_gmt":"2025-11-25T12:26:51","slug":"inicia-la-septima-edicion-del-ficer","status":"publish","type":"post","link":"https:\/\/www.actualidadadiario.com\/index.php\/2025\/11\/25\/inicia-la-septima-edicion-del-ficer\/","title":{"rendered":"Inicia la s\u00e9ptima edici\u00f3n del FICER"},"content":{"rendered":"<p style=\"text-align: center;\"><em><strong>Desde este martes 25 hasta el domingo 30 de noviembre, Paran\u00e1 ser\u00e1 sede de la 7\u00b0 edici\u00f3n del Festival Internacional de Cine de Entre R\u00edos (FICER), un evento que re\u00fane proyecciones, estrenos, talleres, foros, debates y la presentaci\u00f3n de proyectos audiovisuales de toda la regi\u00f3n<\/strong><\/em><\/p>\n<p>&nbsp;<\/p>\n<p>&nbsp;<\/p>\n<p>La provincia de Entre R\u00edos vuelve a convertirse en un punto clave del cine nacional con la llegada de la s\u00e9ptima edici\u00f3n del Festival Internacional de Cine de Entre R\u00edos (FICER).<\/p>\n<p>El evento, organizado por el Gobierno de Entre R\u00edos a trav\u00e9s del Instituto Aut\u00e1rquico Audiovisual (IAAER), se desarrollar\u00e1 desde este martes 25 al domingo 30 de noviembre en Paran\u00e1 y en distintas subsedes provinciales, con una programaci\u00f3n completamente gratuita.<\/p>\n<p>Consolidado como un encuentro imprescindible para realizadores, profesionales, estudiantes y p\u00fablico general, el FICER reafirma su rol como espacio de encuentro, formaci\u00f3n y exhibici\u00f3n. Su misi\u00f3n sigue intacta: abrir pantallas, tender puentes y celebrar el cine como un territorio donde conviven historias, identidades y generaciones.<\/p>\n<p>&nbsp;<\/p>\n<p><strong>La apertura y la clausura: dos t\u00edtulos destacados<\/strong><\/p>\n<p>La pel\u00edcula encargada de inaugurar el festival ser\u00e1 El mensaje, dirigida por Iv\u00e1n Fund, reciente ganadora del Oso de Plata del Jurado en el Festival de Berl\u00edn 2025. El filme cuenta con las actuaciones de Mara Bestelli, Marcelo Subiotto, Anika Bootz y Betania Cappato.<\/p>\n<p>El cierre contar\u00e1 con Un cabo suelto, la nueva pel\u00edcula del realizador uruguayo Daniel Hendler, protagonizada por Sergio Prina, Pilar Gamboa y Alberto Wolf.<\/p>\n<p>Dos miradas muy diferentes, pero ambas de fuerte presencia en el circuito internacional, abrir\u00e1n y cerrar\u00e1n una semana que promete variedad, reflexi\u00f3n y di\u00e1logo est\u00e9tico.<\/p>\n<p>&nbsp;<\/p>\n<p><strong>Secciones del festival<\/strong><\/p>\n<p>El FICER ofrecer\u00e1 dos competencias oficiales:<\/p>\n<ul>\n<li>Largometrajes Nacionales<\/li>\n<li>Cortometrajes Entrerrianos<\/li>\n<\/ul>\n<p>&nbsp;<\/p>\n<p>A ellas se suman recorridos por:<\/p>\n<ul>\n<li>Cine internacional<\/li>\n<li>Producciones regionales<\/li>\n<\/ul>\n<p>&nbsp;<\/p>\n<p>Actividades especiales<\/p>\n<ul>\n<li>Mesas debate<\/li>\n<li>Presentaciones de libros<\/li>\n<li>Talleres para infancias, j\u00f3venes y adultos<\/li>\n<li>M\u00fasica en vivo<\/li>\n<\/ul>\n<p>&nbsp;<\/p>\n<p><strong>Charlas con invitados destacados<\/strong><\/p>\n<p>Los principales espacios de proyecci\u00f3n y actividades en Paran\u00e1 ser\u00e1n el Centro Provincial de Convenciones (CPC), el Centro Cultural La Vieja Usina, la Sala Noble del IAAER, el Cine C\u00edrculo y el Cine Las Tipas.<\/p>\n<p>&nbsp;<\/p>\n<p><strong>La gran novedad: el nacimiento del FICER Forum<\/strong><\/p>\n<p>Una de las propuestas m\u00e1s esperadas de esta edici\u00f3n es el FICER Forum, un nuevo espacio destinado exclusivamente a la industria audiovisual. Su objetivo es impulsar proyectos de primeras y segundas pel\u00edculas en fase de desarrollo en las provincias de Entre R\u00edos, Santa Fe, Corrientes, Misiones, Chaco, Formosa y C\u00f3rdoba.<\/p>\n<p>Se inscribieron m\u00e1s de 75 proyectos, de los cuales 12 fueron seleccionados para participar de mesas de conversaci\u00f3n, rondas de negocios, conferencias y sesiones de pitching, adem\u00e1s de competir por premios monetarios y servicios profesionales.<\/p>\n<p>Otros 14 proyectos invitados formar\u00e1n parte del espacio en car\u00e1cter no competitivo, accediendo \u00fanicamente a premios vinculados a servicios profesionales.<\/p>\n<p>El encuentro se desarrollar\u00e1 durante los tres primeros d\u00edas del festival.<\/p>\n<p>&nbsp;<\/p>\n<p><strong>Proyectos seleccionados \u2013 FICER Forum<\/strong><\/p>\n<p>Con locura y pasi\u00f3n \u2013 Mat\u00edas Gabriel Amuedo (C\u00f3rdoba)<\/p>\n<p>Tetas \u2013 Ang\u00e9lica Germanetti (C\u00f3rdoba)<\/p>\n<p>Todo bien igual \u2013 Victoria De Michele (Entre R\u00edos)<\/p>\n<p>Rumores \u2013 Thomas Voloder Antenucci (Entre R\u00edos)<\/p>\n<p>Agua colorada \u2013 Julio Olmedo (Entre R\u00edos)<\/p>\n<p>Tornado del 97 \u2013 Paula Florencia Burna Elstner (Entre R\u00edos)<\/p>\n<p>Silvestre \u2013 Eli\u00e1n Guerin (NEA)<\/p>\n<p>Perla Guaran\u00ed \u2013 Gabriela Pastor (NEA)<\/p>\n<p>Puente Ojo \u2013 Josefina Lens (NEA)<\/p>\n<p>Apartado del camino \u2013 Miler Blasco (Santa Fe)<\/p>\n<p>Los amantes que no sab\u00edan demasiado \u2013 Baltasar Albrecht y Gast\u00f3n Del Porto (Santa Fe)<\/p>\n<p>Combustible \u2013 Victoria Saez (Santa Fe)<\/p>\n<p>&nbsp;<\/p>\n<p><strong>Proyectos invitados<\/strong><\/p>\n<p>\u2013 La suspensi\u00f3n del tiempo \u2013 Marina Layana (FAB R\u00edo Negro)<\/p>\n<p>\u2013 Flor \u2013 Fernando del Castillo (Pulsar Santa Fe)<\/p>\n<p>\u2013 Un ascensor sospechosamente grande \u2013 Augusto Robert Vaudagna (Pulsar Santa Fe)<\/p>\n<p>\u2013 En la piel del familiar \u2013 Emilio L\u00f3pez (Pulsar Santa Fe)<\/p>\n<p>\u2013 Chalet \u2013 Joaqu\u00edn Gamba y Lucio Gagliardo (Pulsar Santa Fe)<\/p>\n<p>\u2013 Ramona \u2013 Lisa Caligaris (Pulsar Santa Fe)<\/p>\n<p>\u2013 Once familias \u2013 Andr\u00e9s Dentoni (Pulsar Santa Fe)<\/p>\n<p>\u2013 Azara \u2013 Paula Manzone (IAAVIM MAEF Misiones)<\/p>\n<p>\u2013 Ramoncito \u2013 Conrado Ar\u00e9valo (ARAER Entre R\u00edos)<\/p>\n<p>\u2013 El rodeo \u2013 Regina Prina (ARAER Entre R\u00edos)<\/p>\n<p>\u2013 Despu\u00e9s de una maldici\u00f3n, los milagros \u2013 Yamila Cabrera (ARAER Entre R\u00edos)<\/p>\n<p>\u2013 Los visitantes \u2013 Faustino Sosa y Julieta Alegre (ARAER Entre R\u00edos)<\/p>\n<p>\u2013 Camino \u2013 Germ\u00e1n Berger (ARAER Entre R\u00edos)<\/p>\n<p>\u2013 Las cuchillas \u2013 Renzo Blanc (ARAER Entre R\u00edos)<\/p>\n<p>&nbsp;<\/p>\n<p><strong>Objetivos de esta edici\u00f3n<\/strong><\/p>\n<p>La edici\u00f3n 2025 del FICER busca fortalecer su presencia regional, atraer nuevas audiencias y seguir consolidando la producci\u00f3n cinematogr\u00e1fica del Litoral y la regi\u00f3n centro-norte del pa\u00eds. Con un programa curado de pel\u00edculas nacionales, internacionales y regionales, el festival se proyecta como uno de los encuentros m\u00e1s relevantes de la escena argentina.<\/p>\n","protected":false},"excerpt":{"rendered":"<p>Desde este martes 25 hasta el domingo 30 de noviembre, Paran\u00e1 ser\u00e1 sede de la 7\u00b0 edici\u00f3n del Festival Internacional de Cine de Entre R\u00edos (FICER), un evento que re\u00fane proyecciones, estrenos, talleres, foros, debates y la presentaci\u00f3n de proyectos audiovisuales de toda la regi\u00f3n &nbsp; &nbsp; La provincia de Entre R\u00edos vuelve a convertirse en un punto clave del cine nacional con la llegada de la s\u00e9ptima edici\u00f3n del Festival Internacional de Cine de Entre R\u00edos (FICER). El evento, organizado por el Gobierno de Entre R\u00edos a trav\u00e9s del&#8230;<\/p>\n","protected":false},"author":3,"featured_media":134123,"comment_status":"closed","ping_status":"closed","sticky":false,"template":"","format":"standard","meta":[],"categories":[15],"tags":[],"_links":{"self":[{"href":"https:\/\/www.actualidadadiario.com\/index.php\/wp-json\/wp\/v2\/posts\/134122"}],"collection":[{"href":"https:\/\/www.actualidadadiario.com\/index.php\/wp-json\/wp\/v2\/posts"}],"about":[{"href":"https:\/\/www.actualidadadiario.com\/index.php\/wp-json\/wp\/v2\/types\/post"}],"author":[{"embeddable":true,"href":"https:\/\/www.actualidadadiario.com\/index.php\/wp-json\/wp\/v2\/users\/3"}],"replies":[{"embeddable":true,"href":"https:\/\/www.actualidadadiario.com\/index.php\/wp-json\/wp\/v2\/comments?post=134122"}],"version-history":[{"count":1,"href":"https:\/\/www.actualidadadiario.com\/index.php\/wp-json\/wp\/v2\/posts\/134122\/revisions"}],"predecessor-version":[{"id":134124,"href":"https:\/\/www.actualidadadiario.com\/index.php\/wp-json\/wp\/v2\/posts\/134122\/revisions\/134124"}],"wp:featuredmedia":[{"embeddable":true,"href":"https:\/\/www.actualidadadiario.com\/index.php\/wp-json\/wp\/v2\/media\/134123"}],"wp:attachment":[{"href":"https:\/\/www.actualidadadiario.com\/index.php\/wp-json\/wp\/v2\/media?parent=134122"}],"wp:term":[{"taxonomy":"category","embeddable":true,"href":"https:\/\/www.actualidadadiario.com\/index.php\/wp-json\/wp\/v2\/categories?post=134122"},{"taxonomy":"post_tag","embeddable":true,"href":"https:\/\/www.actualidadadiario.com\/index.php\/wp-json\/wp\/v2\/tags?post=134122"}],"curies":[{"name":"wp","href":"https:\/\/api.w.org\/{rel}","templated":true}]}}