{"id":134120,"date":"2025-11-25T09:16:12","date_gmt":"2025-11-25T12:16:12","guid":{"rendered":"https:\/\/www.actualidadadiario.com\/?p=134120"},"modified":"2025-11-25T09:16:12","modified_gmt":"2025-11-25T12:16:12","slug":"anuncian-un-martes-soleado-y-con-31c-en-la-provincia","status":"publish","type":"post","link":"https:\/\/www.actualidadadiario.com\/index.php\/2025\/11\/25\/anuncian-un-martes-soleado-y-con-31c-en-la-provincia\/","title":{"rendered":"Anuncian un martes soleado y con 31\u00b0C en la provincia"},"content":{"rendered":"<p style=\"text-align: center;\"><em><strong>La semana corta inicia con un aumento de las temperaturas. Se prev\u00e9n inestabilidades los pr\u00f3ximos d\u00edas en la provincia<\/strong><\/em><\/p>\n<p>&nbsp;<\/p>\n<p>&nbsp;<\/p>\n<p>El Servicio Meteorol\u00f3gico Nacional -SMN- informa que este martes se presenta con buenas condiciones del tiempo en Entre R\u00edos y temperaturas en aumento. La m\u00e1xima para hoy ser\u00e1 de hasta 31 grados.<\/p>\n<p>De acuerdo a las previsiones, la semana ser\u00e1 calurosa, con m\u00e1ximas que podr\u00edan trepar hasta los 34 grados este mi\u00e9rcoles en algunas zonas de la provincia.<\/p>\n<p>Por otro lado, el pron\u00f3stico extendido anticipa inestabilidades. El SMN indica la posibilidad de lluvias y tormentas el pr\u00f3ximo fin de semana, posiblemente viernes, s\u00e1bado o domingo, dependiendo de la zona.<\/p>\n<p>&nbsp;<\/p>\n<p><strong>Pron\u00f3stico para hoy<\/strong><\/p>\n<p>En Paran\u00e1, La Paz, Villaguay, Diamante y Nogoy\u00e1 la m\u00ednima ser\u00e1 de 15 grados y la m\u00e1xima alcanzar\u00e1 los 31 grados. En la capital y alrededores se espera una jornada con cielo soleado y algo nublado.<\/p>\n<p>En Concordia, Federal, Feliciano, Federaci\u00f3n y San Salvador, en tanto, se aguarda una m\u00ednima de 16 grados y una m\u00e1xima de 30 grados. Se prev\u00e9 un d\u00eda soleado y algo nublado.<\/p>\n<p>En Gualeguaych\u00fa, Col\u00f3n, Uruguay, Tala e Islas, se espera una m\u00ednima de 15 grados y una m\u00e1xima de 30 grados. Tambi\u00e9n se espera un d\u00eda despejado y con muy escasa nubosidad.<\/p>\n<p>Finalmente, en Victoria y Gualeguay anuncian 15 grados de m\u00ednima y 30 grados de m\u00e1xima, con cielo despejado de ma\u00f1ana y algo nublado de tarde y noche.<\/p>\n","protected":false},"excerpt":{"rendered":"<p>La semana corta inicia con un aumento de las temperaturas. Se prev\u00e9n inestabilidades los pr\u00f3ximos d\u00edas en la provincia &nbsp; &nbsp; El Servicio Meteorol\u00f3gico Nacional -SMN- informa que este martes se presenta con buenas condiciones del tiempo en Entre R\u00edos y temperaturas en aumento. La m\u00e1xima para hoy ser\u00e1 de hasta 31 grados. De acuerdo a las previsiones, la semana ser\u00e1 calurosa, con m\u00e1ximas que podr\u00edan trepar hasta los 34 grados este mi\u00e9rcoles en algunas zonas de la provincia. Por otro lado, el pron\u00f3stico extendido anticipa inestabilidades. El SMN indica&#8230;<\/p>\n","protected":false},"author":3,"featured_media":95002,"comment_status":"closed","ping_status":"closed","sticky":false,"template":"","format":"standard","meta":[],"categories":[15],"tags":[],"_links":{"self":[{"href":"https:\/\/www.actualidadadiario.com\/index.php\/wp-json\/wp\/v2\/posts\/134120"}],"collection":[{"href":"https:\/\/www.actualidadadiario.com\/index.php\/wp-json\/wp\/v2\/posts"}],"about":[{"href":"https:\/\/www.actualidadadiario.com\/index.php\/wp-json\/wp\/v2\/types\/post"}],"author":[{"embeddable":true,"href":"https:\/\/www.actualidadadiario.com\/index.php\/wp-json\/wp\/v2\/users\/3"}],"replies":[{"embeddable":true,"href":"https:\/\/www.actualidadadiario.com\/index.php\/wp-json\/wp\/v2\/comments?post=134120"}],"version-history":[{"count":1,"href":"https:\/\/www.actualidadadiario.com\/index.php\/wp-json\/wp\/v2\/posts\/134120\/revisions"}],"predecessor-version":[{"id":134121,"href":"https:\/\/www.actualidadadiario.com\/index.php\/wp-json\/wp\/v2\/posts\/134120\/revisions\/134121"}],"wp:featuredmedia":[{"embeddable":true,"href":"https:\/\/www.actualidadadiario.com\/index.php\/wp-json\/wp\/v2\/media\/95002"}],"wp:attachment":[{"href":"https:\/\/www.actualidadadiario.com\/index.php\/wp-json\/wp\/v2\/media?parent=134120"}],"wp:term":[{"taxonomy":"category","embeddable":true,"href":"https:\/\/www.actualidadadiario.com\/index.php\/wp-json\/wp\/v2\/categories?post=134120"},{"taxonomy":"post_tag","embeddable":true,"href":"https:\/\/www.actualidadadiario.com\/index.php\/wp-json\/wp\/v2\/tags?post=134120"}],"curies":[{"name":"wp","href":"https:\/\/api.w.org\/{rel}","templated":true}]}}