{"id":134106,"date":"2025-11-20T09:48:42","date_gmt":"2025-11-20T12:48:42","guid":{"rendered":"https:\/\/www.actualidadadiario.com\/?p=134106"},"modified":"2025-11-20T09:48:42","modified_gmt":"2025-11-20T12:48:42","slug":"turismo-en-entre-rios-tarifas-frenadas-turistas-mas-austeros-y-expectativas-positivas-para-el-fin-de-semana-largo","status":"publish","type":"post","link":"https:\/\/www.actualidadadiario.com\/index.php\/2025\/11\/20\/turismo-en-entre-rios-tarifas-frenadas-turistas-mas-austeros-y-expectativas-positivas-para-el-fin-de-semana-largo\/","title":{"rendered":"Turismo en Entre R\u00edos: tarifas frenadas, turistas m\u00e1s austeros y expectativas positivas para el fin de semana largo"},"content":{"rendered":"<p style=\"text-align: center;\"><em><strong>La actividad tur\u00edstica atraviesa un per\u00edodo de ajustes y nuevas din\u00e1micas a nivel nacional, y Entre R\u00edos no es la excepci\u00f3n. Consultado por APFDigital, el presidente de la C\u00e1mara Entrerriana de Turismo (CET), Juan Manuel Acedo, explic\u00f3 que prestadores y comercios trabajan bajo un esquema marcado por la necesidad de mantener tarifas accesibles, adaptarse al comportamiento de un turista m\u00e1s austero y aprovechar al m\u00e1ximo los fines de semana largos<\/strong><\/em><\/p>\n<p>&nbsp;<\/p>\n<p>&nbsp;<\/p>\n<p>Acedo destac\u00f3 que, pese a la inflaci\u00f3n y los incrementos en los costos de servicios, la provincia tuvo que congelar o planchar tarifas para no perder competitividad frente a otros destinos. \u201cA pesar de nuestra ubicaci\u00f3n estrat\u00e9gica respecto a Buenos Aires y Rosario, tambi\u00e9n tuvimos que hacer un gran esfuerzo para mantener precios que el turista pueda pagar\u201d, explic\u00f3.<\/p>\n<p>Se\u00f1al\u00f3 adem\u00e1s que el modelo actual obliga a orientar la estrategia comercial hacia los fines de semana largos, cuando se registra el mayor flujo de visitantes, a diferencia de a\u00f1os anteriores, donde tambi\u00e9n hab\u00eda movimiento durante fines de semana comunes.<\/p>\n<p>&nbsp;<\/p>\n<p><strong>El nuevo perfil del visitante: menos consumo y m\u00e1s ahorro<\/strong><\/p>\n<p>El sector observa desde hace meses la consolidaci\u00f3n del llamado \u201cturista austero\u201d, que viaja pero modera sus gastos. Si bien las estad\u00edas \u2014en cantidad de noches\u2014 se mantienen, el gasto por persona es menor. En este sentido Acedo remarc\u00f3 que \u201cla tendencia que se afianza es la preferencia por alojamientos con cocina, como caba\u00f1as y bungalows, donde las familias pueden cocinar y reducir gastos. En paralelo, tambi\u00e9n creci\u00f3 la demanda de alojamientos de alta categor\u00eda, aunque representan otro tipo de p\u00fablico\u201d.<\/p>\n<p>Frente a informes que marcan ca\u00eddas del consumo gastron\u00f3mico de hasta el 30%, los prestadores reconocen que los restaurantes tienen poco margen para bajar precios por la variaci\u00f3n constante del costo de los insumos. En cambio, el sector de alojamientos absorbe la mayor parte del esfuerzo, resignando subas o flexibilizando tarifas para que el turista permanezca en el destino.<\/p>\n<p>Incluso, en muchos lugares se aplican tarifas de mostrador m\u00e1s bajas por la noche, una pr\u00e1ctica habitual en otros destinos del pa\u00eds.<\/p>\n<p>&nbsp;<\/p>\n<p><strong>Expectativas para el fin de semana largo<\/strong><\/p>\n<p>Aunque noviembre no suele ser uno de los meses m\u00e1s fuertes del calendario, los niveles de reservas previos al fin de semana largo son considerados \u201cmuy buenos\u201d. Seg\u00fan el relevamiento que realizaron desde la C\u00e1mara Entrerriana de Turismo: Villa Elisa: 95%, Federaci\u00f3n: 85%, Concepci\u00f3n del Uruguay m\u00e1s del 80%,\u00a0 Col\u00f3n: 80%, Santa Elena y La Paz por encima del 70%.<\/p>\n<p>La presencia de eventos \u2014como la Fiesta de la Cerveza en Federaci\u00f3n y celebraciones en Victoria\u2014 contribuye a potenciar la llegada de visitantes. Se estima que el promedio superar\u00e1 las dos noches de pernocte, un n\u00famero alentador para esta \u00e9poca del a\u00f1o, se indic\u00f3 a esta Agencia,<\/p>\n<p>&nbsp;<\/p>\n<p><strong>Pensando en la temporada de verano<\/strong><\/p>\n<p>El sector reconoce que debe adaptarse definitivamente a esta \u201cnueva forma de hacer turismo\u201d, marcada por el cuidado del gasto y cambios en los h\u00e1bitos de viaje. En este contexto, Entre R\u00edos apuesta a fidelizar a quienes la eligen en fines de semana largos, fortalecer microregiones tur\u00edsticas y diferenciarse con propuestas de playa, termas, pesca y eventos.<\/p>\n<p>\u201cHay que trabajar con una competencia sana, atraer al turista y ajustar sobre la marcha\u201d, expresaron desde el sector, que observa con cautela la llegada del verano y espera que la demanda se consolide a medida que avance la temporada.<\/p>\n","protected":false},"excerpt":{"rendered":"<p>La actividad tur\u00edstica atraviesa un per\u00edodo de ajustes y nuevas din\u00e1micas a nivel nacional, y Entre R\u00edos no es la excepci\u00f3n. Consultado por APFDigital, el presidente de la C\u00e1mara Entrerriana de Turismo (CET), Juan Manuel Acedo, explic\u00f3 que prestadores y comercios trabajan bajo un esquema marcado por la necesidad de mantener tarifas accesibles, adaptarse al comportamiento de un turista m\u00e1s austero y aprovechar al m\u00e1ximo los fines de semana largos &nbsp; &nbsp; Acedo destac\u00f3 que, pese a la inflaci\u00f3n y los incrementos en los costos de servicios, la provincia tuvo&#8230;<\/p>\n","protected":false},"author":3,"featured_media":107083,"comment_status":"closed","ping_status":"closed","sticky":false,"template":"","format":"standard","meta":[],"categories":[15],"tags":[],"_links":{"self":[{"href":"https:\/\/www.actualidadadiario.com\/index.php\/wp-json\/wp\/v2\/posts\/134106"}],"collection":[{"href":"https:\/\/www.actualidadadiario.com\/index.php\/wp-json\/wp\/v2\/posts"}],"about":[{"href":"https:\/\/www.actualidadadiario.com\/index.php\/wp-json\/wp\/v2\/types\/post"}],"author":[{"embeddable":true,"href":"https:\/\/www.actualidadadiario.com\/index.php\/wp-json\/wp\/v2\/users\/3"}],"replies":[{"embeddable":true,"href":"https:\/\/www.actualidadadiario.com\/index.php\/wp-json\/wp\/v2\/comments?post=134106"}],"version-history":[{"count":1,"href":"https:\/\/www.actualidadadiario.com\/index.php\/wp-json\/wp\/v2\/posts\/134106\/revisions"}],"predecessor-version":[{"id":134107,"href":"https:\/\/www.actualidadadiario.com\/index.php\/wp-json\/wp\/v2\/posts\/134106\/revisions\/134107"}],"wp:featuredmedia":[{"embeddable":true,"href":"https:\/\/www.actualidadadiario.com\/index.php\/wp-json\/wp\/v2\/media\/107083"}],"wp:attachment":[{"href":"https:\/\/www.actualidadadiario.com\/index.php\/wp-json\/wp\/v2\/media?parent=134106"}],"wp:term":[{"taxonomy":"category","embeddable":true,"href":"https:\/\/www.actualidadadiario.com\/index.php\/wp-json\/wp\/v2\/categories?post=134106"},{"taxonomy":"post_tag","embeddable":true,"href":"https:\/\/www.actualidadadiario.com\/index.php\/wp-json\/wp\/v2\/tags?post=134106"}],"curies":[{"name":"wp","href":"https:\/\/api.w.org\/{rel}","templated":true}]}}