{"id":134104,"date":"2025-11-20T09:47:54","date_gmt":"2025-11-20T12:47:54","guid":{"rendered":"https:\/\/www.actualidadadiario.com\/?p=134104"},"modified":"2025-11-20T09:47:54","modified_gmt":"2025-11-20T12:47:54","slug":"sifilis-la-tasa-de-notificacion-provincial-aumento-mas-del-70-interanual-y-supero-el-promedio-nacional","status":"publish","type":"post","link":"https:\/\/www.actualidadadiario.com\/index.php\/2025\/11\/20\/sifilis-la-tasa-de-notificacion-provincial-aumento-mas-del-70-interanual-y-supero-el-promedio-nacional\/","title":{"rendered":"S\u00edfilis: la tasa de notificaci\u00f3n provincial aument\u00f3 m\u00e1s del 70% interanual y super\u00f3 el promedio nacional"},"content":{"rendered":"<p style=\"text-align: center;\"><em><strong>La Provincia enfrenta una escalada cr\u00edtica de s\u00edfilis, registrando un aumento del 72% en su tasa de notificaci\u00f3n durante las primeras 44 semanas epidemiol\u00f3gicas de 2025 en comparaci\u00f3n con el mismo per\u00edodo de 2024, seg\u00fan datos del \u00faltimo Bolet\u00edn Epidemiol\u00f3gico Nacional<\/strong><\/em><\/p>\n<p>&nbsp;<\/p>\n<p>&nbsp;<\/p>\n<p>La SE es la unidad de tiempo estandarizada por la salud p\u00fablica que divide el a\u00f1o en lapsos de siete d\u00edas, permitiendo comparar de forma homog\u00e9nea los datos entre diferentes a\u00f1os.<\/p>\n<p>La escalada de casos sit\u00faa a Entre R\u00edos como la jurisdicci\u00f3n de la regi\u00f3n central con el mayor crecimiento porcentual interanual:<\/p>\n<ul>\n<li>2024 (SE 1-44): La tasa fue de 38,5 por cada 100 mil habitantes (467 casos).<\/li>\n<li>2025 (SE 1-44): La tasa alcanz\u00f3 los 66,2 por cada 100 mil habitantes (811 casos).<\/li>\n<\/ul>\n<p>Este aumento del 72% coloca a Entre R\u00edos solo por debajo de Neuqu\u00e9n (110%) en t\u00e9rminos de incremento relativo a nivel nacional. La tendencia local supera con creces el crecimiento promedio de la Regi\u00f3n Centro (19%) y contribuye al alza nacional.<\/p>\n<ul>\n<li>A nivel nacional, el fen\u00f3meno refleja una consolidaci\u00f3n de la tendencia ascendente en las Infecciones de Transmisi\u00f3n Sexual (ITS): Total Nacional 2025: Se notificaron 36.702 casos a nivel pa\u00eds en el periodo analizado, un 20,5% m\u00e1s que en 2024.<\/li>\n<li>Regi\u00f3n Centro: Si bien C\u00f3rdoba presenta la tasa m\u00e1s alta del pa\u00eds (210,7), la gran cantidad de casos notificados en la Regi\u00f3n Centro (22.354 casos) representa el mayor volumen de enfermedad del pa\u00eds.<\/li>\n<\/ul>\n<p>El Ministerio de Salud de la Naci\u00f3n ha reiterado el llamado a fortalecer las estrategias de prevenci\u00f3n, diagn\u00f3stico y tratamiento oportuno, destacando la distribuci\u00f3n de reactivos para pruebas r\u00e1pidas y Penicilina Benzat\u00ednica a las provincias para contener la epidemia.<\/p>\n<p>Pa\u00eds<\/p>\n<p>Seg\u00fan inform\u00f3 el \u00faltimo Bolet\u00edn Epidemiol\u00f3gico Nacional, hay un aumento sin precedentes en los contagios de esta enfermedad de transmisi\u00f3n sexual, con cifras que superaron los m\u00e1ximos hist\u00f3ricos. En 2024 se notificaron 36.917 diagn\u00f3sticos y la tendencia se mantiene en alza.<\/p>\n<p>La magnitud del crecimiento se refleja en los datos oficiales. Desde 2011, el pa\u00eds experiment\u00f3 un incremento sostenido en las notificaciones de s\u00edfilis, con aceleraci\u00f3n marcada desde 2015. Entre 2015 y 2019, los casos se triplicaron. La pandemia de COVID-19 redujo temporalmente los registros en 2020 y 2021, pero la tendencia al alza se reanud\u00f3 a partir de 2022.<\/p>\n<p>En 2023, por primera vez, los casos superaron los 30.000 anuales y en 2024 se alcanz\u00f3 el m\u00e1ximo hist\u00f3rico.<\/p>\n<p>El informe oficial detall\u00f3 que la tasa nacional de notificaci\u00f3n pas\u00f3 de 56,1 por cada 100.000 habitantes en 2019 a 93 en 2024, lo que implic\u00f3 un incremento del 65,8% en ese per\u00edodo. Para 2025, los datos preliminares anticipan otro aumento: un 20,5% frente al mismo lapso de 2024, lo que podr\u00eda establecer un nuevo r\u00e9cord.<\/p>\n","protected":false},"excerpt":{"rendered":"<p>La Provincia enfrenta una escalada cr\u00edtica de s\u00edfilis, registrando un aumento del 72% en su tasa de notificaci\u00f3n durante las primeras 44 semanas epidemiol\u00f3gicas de 2025 en comparaci\u00f3n con el mismo per\u00edodo de 2024, seg\u00fan datos del \u00faltimo Bolet\u00edn Epidemiol\u00f3gico Nacional &nbsp; &nbsp; La SE es la unidad de tiempo estandarizada por la salud p\u00fablica que divide el a\u00f1o en lapsos de siete d\u00edas, permitiendo comparar de forma homog\u00e9nea los datos entre diferentes a\u00f1os. La escalada de casos sit\u00faa a Entre R\u00edos como la jurisdicci\u00f3n de la regi\u00f3n central con&#8230;<\/p>\n","protected":false},"author":3,"featured_media":129046,"comment_status":"closed","ping_status":"closed","sticky":false,"template":"","format":"standard","meta":[],"categories":[15],"tags":[],"_links":{"self":[{"href":"https:\/\/www.actualidadadiario.com\/index.php\/wp-json\/wp\/v2\/posts\/134104"}],"collection":[{"href":"https:\/\/www.actualidadadiario.com\/index.php\/wp-json\/wp\/v2\/posts"}],"about":[{"href":"https:\/\/www.actualidadadiario.com\/index.php\/wp-json\/wp\/v2\/types\/post"}],"author":[{"embeddable":true,"href":"https:\/\/www.actualidadadiario.com\/index.php\/wp-json\/wp\/v2\/users\/3"}],"replies":[{"embeddable":true,"href":"https:\/\/www.actualidadadiario.com\/index.php\/wp-json\/wp\/v2\/comments?post=134104"}],"version-history":[{"count":1,"href":"https:\/\/www.actualidadadiario.com\/index.php\/wp-json\/wp\/v2\/posts\/134104\/revisions"}],"predecessor-version":[{"id":134105,"href":"https:\/\/www.actualidadadiario.com\/index.php\/wp-json\/wp\/v2\/posts\/134104\/revisions\/134105"}],"wp:featuredmedia":[{"embeddable":true,"href":"https:\/\/www.actualidadadiario.com\/index.php\/wp-json\/wp\/v2\/media\/129046"}],"wp:attachment":[{"href":"https:\/\/www.actualidadadiario.com\/index.php\/wp-json\/wp\/v2\/media?parent=134104"}],"wp:term":[{"taxonomy":"category","embeddable":true,"href":"https:\/\/www.actualidadadiario.com\/index.php\/wp-json\/wp\/v2\/categories?post=134104"},{"taxonomy":"post_tag","embeddable":true,"href":"https:\/\/www.actualidadadiario.com\/index.php\/wp-json\/wp\/v2\/tags?post=134104"}],"curies":[{"name":"wp","href":"https:\/\/api.w.org\/{rel}","templated":true}]}}