{"id":134101,"date":"2025-11-20T09:47:12","date_gmt":"2025-11-20T12:47:12","guid":{"rendered":"https:\/\/www.actualidadadiario.com\/?p=134101"},"modified":"2025-11-20T09:47:12","modified_gmt":"2025-11-20T12:47:12","slug":"media-sancion-al-presupuesto-2026","status":"publish","type":"post","link":"https:\/\/www.actualidadadiario.com\/index.php\/2025\/11\/20\/media-sancion-al-presupuesto-2026\/","title":{"rendered":"Media sanci\u00f3n al Presupuesto 2026"},"content":{"rendered":"<p style=\"text-align: center;\"><em><strong>Durante la sesi\u00f3n ordinaria desarrollada este mi\u00e9rcoles, la C\u00e1mara de Diputados aprob\u00f3 el proyecto de Presupuesto General para la Administraci\u00f3n Provincial previsto para el ejercicio entrante. Tras un extenso debate, fue votado en general por unanimidad. Asimismo, el Orden del D\u00eda incluy\u00f3 la media sanci\u00f3n de una norma que ratifica un decreto que suspende afiliaciones obligatorias para mutuales municipales, as\u00ed como un proyecto que ampl\u00eda restricciones para deudores alimentarios<\/strong><\/em><\/p>\n<p>&nbsp;<\/p>\n<p>&nbsp;<\/p>\n<p>La 18\u00b0 sesi\u00f3n ordinaria del 146\u00ba Per\u00edodo Legislativo de la c\u00e1mara baja, presidida por Gustavo Hein, otorg\u00f3 media sanci\u00f3n por unanimidad al Expediente N\u00ba 28.722 de Presupuesto General para la Administraci\u00f3n Provincial Ejercicio 2026. El miembro informante por parte del oficialismo fue el diputado Bruno Sarubi, quien bas\u00f3 su fundamentaci\u00f3n en la claridad del dise\u00f1o de los gastos para el ejercicio 2026. \u201cLas prioridades que marcan el rumbo de la gesti\u00f3n est\u00e1n claras. En esta hoja de ruta se ven incrementos significativos en partidas de educaci\u00f3n, seguridad, salud y obras p\u00fablicas, que son pilares fundamentales para el desarrollo de cualquier sociedad\u201d, expres\u00f3.<\/p>\n<p>En la misma l\u00ednea, el presidente de la comisi\u00f3n de Hacienda, Presupuesto y Cuentas se\u00f1al\u00f3 la importancia que tiene un presupuesto para la gesti\u00f3n de gobierno. \u201cUna buena planificaci\u00f3n hace que, en momentos en que el contexto macroecon\u00f3mico no sea el mejor, los problemas no generen tantas dificultades en la administraci\u00f3n\u201d. Sarubi, a su vez, destac\u00f3 \u201cel trabajo de intercambio virtuoso entre los distintos bloques junto a funcionarios de distintas \u00e1reas del Ejecutivo\u201d.<\/p>\n<p>Al momento de la votaci\u00f3n en general, el expediente fue votado por todos los bloques legislativos por unanimidad. En particular, en cambio, el bloque de la primera minor\u00eda \u2018Uni\u00f3n por la Patria M\u00e1s para ER\u2019, al igual que el diputado Carlos Damasco del bloque \u2018La Libertad Entre R\u00edos\u2018, se abstuvieron de votar los art\u00edculos 5\u00ba al 8\u00ba sobre autorizaciones de endeudamiento.<\/p>\n<p>El diputado Juan Jos\u00e9 Bahillo (Uni\u00f3n por la Patria M\u00e1s para ER) argument\u00f3 que \u201chay remanentes de autorizaci\u00f3n vigentes que no se han utilizado\u201d. Su par, la diputada Andrea Zoff, destac\u00f3 el Presupuesto como \u201cherramienta central de planificaci\u00f3n que administra los recursos de los entrerrianos\u201d, aunque puso reparos en que \u201cno quedan claras pol\u00edticas que acompa\u00f1en a sectores productivos\u201d. Mientras que la jefa de ese bloque, la diputada Mar\u00eda Laura Stratta, enfatiz\u00f3 \u201cel intercambio rico en comisiones\u201d aunque se\u00f1al\u00f3 que \u201chay una mirada que peca de optimista respecto del futuro\u201d.<\/p>\n","protected":false},"excerpt":{"rendered":"<p>Durante la sesi\u00f3n ordinaria desarrollada este mi\u00e9rcoles, la C\u00e1mara de Diputados aprob\u00f3 el proyecto de Presupuesto General para la Administraci\u00f3n Provincial previsto para el ejercicio entrante. Tras un extenso debate, fue votado en general por unanimidad. Asimismo, el Orden del D\u00eda incluy\u00f3 la media sanci\u00f3n de una norma que ratifica un decreto que suspende afiliaciones obligatorias para mutuales municipales, as\u00ed como un proyecto que ampl\u00eda restricciones para deudores alimentarios &nbsp; &nbsp; La 18\u00b0 sesi\u00f3n ordinaria del 146\u00ba Per\u00edodo Legislativo de la c\u00e1mara baja, presidida por Gustavo Hein, otorg\u00f3 media sanci\u00f3n&#8230;<\/p>\n","protected":false},"author":3,"featured_media":134102,"comment_status":"closed","ping_status":"closed","sticky":false,"template":"","format":"standard","meta":[],"categories":[15],"tags":[],"_links":{"self":[{"href":"https:\/\/www.actualidadadiario.com\/index.php\/wp-json\/wp\/v2\/posts\/134101"}],"collection":[{"href":"https:\/\/www.actualidadadiario.com\/index.php\/wp-json\/wp\/v2\/posts"}],"about":[{"href":"https:\/\/www.actualidadadiario.com\/index.php\/wp-json\/wp\/v2\/types\/post"}],"author":[{"embeddable":true,"href":"https:\/\/www.actualidadadiario.com\/index.php\/wp-json\/wp\/v2\/users\/3"}],"replies":[{"embeddable":true,"href":"https:\/\/www.actualidadadiario.com\/index.php\/wp-json\/wp\/v2\/comments?post=134101"}],"version-history":[{"count":1,"href":"https:\/\/www.actualidadadiario.com\/index.php\/wp-json\/wp\/v2\/posts\/134101\/revisions"}],"predecessor-version":[{"id":134103,"href":"https:\/\/www.actualidadadiario.com\/index.php\/wp-json\/wp\/v2\/posts\/134101\/revisions\/134103"}],"wp:featuredmedia":[{"embeddable":true,"href":"https:\/\/www.actualidadadiario.com\/index.php\/wp-json\/wp\/v2\/media\/134102"}],"wp:attachment":[{"href":"https:\/\/www.actualidadadiario.com\/index.php\/wp-json\/wp\/v2\/media?parent=134101"}],"wp:term":[{"taxonomy":"category","embeddable":true,"href":"https:\/\/www.actualidadadiario.com\/index.php\/wp-json\/wp\/v2\/categories?post=134101"},{"taxonomy":"post_tag","embeddable":true,"href":"https:\/\/www.actualidadadiario.com\/index.php\/wp-json\/wp\/v2\/tags?post=134101"}],"curies":[{"name":"wp","href":"https:\/\/api.w.org\/{rel}","templated":true}]}}