{"id":134096,"date":"2025-11-20T09:44:56","date_gmt":"2025-11-20T12:44:56","guid":{"rendered":"https:\/\/www.actualidadadiario.com\/?p=134096"},"modified":"2025-11-20T09:44:56","modified_gmt":"2025-11-20T12:44:56","slug":"entre-rios-prohibe-todas-las-quemas-entre-diciembre-y-febrero-para-prevenir-incendios","status":"publish","type":"post","link":"https:\/\/www.actualidadadiario.com\/index.php\/2025\/11\/20\/entre-rios-prohibe-todas-las-quemas-entre-diciembre-y-febrero-para-prevenir-incendios\/","title":{"rendered":"Entre R\u00edos proh\u00edbe todas las quemas entre diciembre y febrero para prevenir incendios"},"content":{"rendered":"<p style=\"text-align: center;\"><em><strong>En el marco del plan del control del fuego, el gobierno de Entre R\u00edos prohibi\u00f3 cualquier clase de quema, en todas sus variantes, desde el 1 de diciembre de 2025 y el 28 de febrero de 2026<\/strong><\/em><\/p>\n<p>&nbsp;<\/p>\n<p>&nbsp;<\/p>\n<p>La medida se formaliz\u00f3 con la publicaci\u00f3n de la Resoluci\u00f3n 1685\/25 de la Secretar\u00eda de Ambiente, publicada este mi\u00e9rcoles en el Bolet\u00edn Oficial. La misma precisa la prohibici\u00f3n total del uso de fuego en cualquier modalidad durante el per\u00edodo comprendido entre el 1\u00b0 de diciembre de 2025 y el 28 de febrero de 2026. Incluso, el plazo puede extenderse, de entenderlo necesario las autoridades provinciales.<\/p>\n<p>Desde Ambiente pusieron en valor la vigencia de la Ley Provincial N\u00ba 9.868 y su Decreto Reglamentario N\u00ba 3186\/09 que facultan a la autoridad ambiental a establecer acciones preventivas en el manejo del fuego. La resoluci\u00f3n indica que el fuego constituye un elemento de extrema peligrosidad y que, en el contexto clim\u00e1tico actual, incluso las quemas controladas representan un riesgo significativo.<\/p>\n<p>Informes del Centro de Predicci\u00f3n Clim\u00e1tica anticipan la posible entrada en un per\u00edodo La Ni\u00f1a, lo que incrementa la probabilidad de sequ\u00edas prolongadas y, en consecuencia, eleva el riesgo de incendios. En otro tramo de la resoluci\u00f3n se advierte que los incendios derivados de quemas no controladas han provocado en a\u00f1os anteriores p\u00e9rdidas de bosque nativo, pastizales, biodiversidad y da\u00f1os ambientales severos. Adem\u00e1s, se remarc\u00f3 que este tipo de siniestros pone en riesgo la integridad de diversas formas de vida.<\/p>\n<p>La resoluci\u00f3n dispone que queda prohibido todo tipo de quema, sin distinci\u00f3n, durante los tres meses establecidos. Solo podr\u00e1n habilitarse excepciones en casos espec\u00edficos y \u00fanicamente luego de un an\u00e1lisis t\u00e9cnico previo y la autorizaci\u00f3n expresa de la Secretar\u00eda de Ambiente.<\/p>\n<p>En caso de incumplimiento, la normativa establece que se aplicar\u00e1n las sanciones previstas en el Art\u00edculo 19 del Decreto N\u00ba 3186\/09, que contemplan multas y otras medidas administrativas seg\u00fan la gravedad del hecho.<\/p>\n","protected":false},"excerpt":{"rendered":"<p>En el marco del plan del control del fuego, el gobierno de Entre R\u00edos prohibi\u00f3 cualquier clase de quema, en todas sus variantes, desde el 1 de diciembre de 2025 y el 28 de febrero de 2026 &nbsp; &nbsp; La medida se formaliz\u00f3 con la publicaci\u00f3n de la Resoluci\u00f3n 1685\/25 de la Secretar\u00eda de Ambiente, publicada este mi\u00e9rcoles en el Bolet\u00edn Oficial. La misma precisa la prohibici\u00f3n total del uso de fuego en cualquier modalidad durante el per\u00edodo comprendido entre el 1\u00b0 de diciembre de 2025 y el 28 de&#8230;<\/p>\n","protected":false},"author":3,"featured_media":134097,"comment_status":"closed","ping_status":"closed","sticky":false,"template":"","format":"standard","meta":[],"categories":[15],"tags":[],"_links":{"self":[{"href":"https:\/\/www.actualidadadiario.com\/index.php\/wp-json\/wp\/v2\/posts\/134096"}],"collection":[{"href":"https:\/\/www.actualidadadiario.com\/index.php\/wp-json\/wp\/v2\/posts"}],"about":[{"href":"https:\/\/www.actualidadadiario.com\/index.php\/wp-json\/wp\/v2\/types\/post"}],"author":[{"embeddable":true,"href":"https:\/\/www.actualidadadiario.com\/index.php\/wp-json\/wp\/v2\/users\/3"}],"replies":[{"embeddable":true,"href":"https:\/\/www.actualidadadiario.com\/index.php\/wp-json\/wp\/v2\/comments?post=134096"}],"version-history":[{"count":1,"href":"https:\/\/www.actualidadadiario.com\/index.php\/wp-json\/wp\/v2\/posts\/134096\/revisions"}],"predecessor-version":[{"id":134098,"href":"https:\/\/www.actualidadadiario.com\/index.php\/wp-json\/wp\/v2\/posts\/134096\/revisions\/134098"}],"wp:featuredmedia":[{"embeddable":true,"href":"https:\/\/www.actualidadadiario.com\/index.php\/wp-json\/wp\/v2\/media\/134097"}],"wp:attachment":[{"href":"https:\/\/www.actualidadadiario.com\/index.php\/wp-json\/wp\/v2\/media?parent=134096"}],"wp:term":[{"taxonomy":"category","embeddable":true,"href":"https:\/\/www.actualidadadiario.com\/index.php\/wp-json\/wp\/v2\/categories?post=134096"},{"taxonomy":"post_tag","embeddable":true,"href":"https:\/\/www.actualidadadiario.com\/index.php\/wp-json\/wp\/v2\/tags?post=134096"}],"curies":[{"name":"wp","href":"https:\/\/api.w.org\/{rel}","templated":true}]}}