{"id":134090,"date":"2025-11-19T11:59:45","date_gmt":"2025-11-19T14:59:45","guid":{"rendered":"https:\/\/www.actualidadadiario.com\/?p=134090"},"modified":"2025-11-19T11:59:45","modified_gmt":"2025-11-19T14:59:45","slug":"a-dos-anos-milei-recordo-su-triunfo-en-el-balotaje-de-2023","status":"publish","type":"post","link":"https:\/\/www.actualidadadiario.com\/index.php\/2025\/11\/19\/a-dos-anos-milei-recordo-su-triunfo-en-el-balotaje-de-2023\/","title":{"rendered":"A dos a\u00f1os, Milei record\u00f3 su triunfo en el balotaje de 2023"},"content":{"rendered":"<p style=\"text-align: center;\"><em><strong>El mandatario destac\u00f3 adem\u00e1s el rol de la secretaria general de la Presidencia, Karina Milei<\/strong><\/em><\/p>\n<p>&nbsp;<\/p>\n<p>&nbsp;<\/p>\n<p>El presidente Javier Milei record\u00f3 su triunfo en el balotaje del 19 de noviembre de 2023, cuando compiti\u00f3 en segunda vuelta contra el candidato del Frente de Todos, Sergio Massa, y pidi\u00f3 transitar &#8220;el sendero que haga a la Argentina grande nuevamente&#8221;.<\/p>\n<p>A trav\u00e9s de su cuenta de X, y a dos a\u00f1os del acontecimiento, el mandatario expres\u00f3: &#8220;LA LIBERTAD AVANZA Hace dos a\u00f1os Argentina eleg\u00eda al primer Presidente liberal libertario de la historia de la humanidad&#8221;.<\/p>\n<p>&#8220;Desde el primer d\u00eda de la gesti\u00f3n nos hemos dedicado a cumplir cada una de las promesas de campa\u00f1a, a punto tal que las mismas fueron completadas en menos de dos a\u00f1os, pese a toda la m\u00e1quina de impedir del statu-quo&#8221;, precis\u00f3 adem\u00e1s.<\/p>\n<p>Asimismo, destac\u00f3: &#8220;Hoy, luego del respaldo en las urnas del pasado 26 de Octubre renovamos nuestro compromiso con todos los argentinos para implementar todas las reformas de segunda generaci\u00f3n, de modo tal que de una vez por todas, entremos en el sendero que haga a la Argentina grande nuevamente. VIVA LA LIBERTAD CARAJO&#8230;!!!&#8221;.<\/p>\n<p>Para graficar el posteo, el Presidente utiliz\u00f3 una imagen en la que se lo ve abrazo a su la secretaria general de la Presidencia, Karina Milei, a quien el Gobierno le atribuye la victoria en las elecciones nacionales legislativas. Desde aquel 26 de octubre, el libertario dio inicio al segundo tramo de la gesti\u00f3n en el que espera aprobar el Presupuesto 2026 y las reformas de segunda generaci\u00f3n en las que trabaja junto a su Gabinete.<\/p>\n","protected":false},"excerpt":{"rendered":"<p>El mandatario destac\u00f3 adem\u00e1s el rol de la secretaria general de la Presidencia, Karina Milei &nbsp; &nbsp; El presidente Javier Milei record\u00f3 su triunfo en el balotaje del 19 de noviembre de 2023, cuando compiti\u00f3 en segunda vuelta contra el candidato del Frente de Todos, Sergio Massa, y pidi\u00f3 transitar &#8220;el sendero que haga a la Argentina grande nuevamente&#8221;. A trav\u00e9s de su cuenta de X, y a dos a\u00f1os del acontecimiento, el mandatario expres\u00f3: &#8220;LA LIBERTAD AVANZA Hace dos a\u00f1os Argentina eleg\u00eda al primer Presidente liberal libertario de la&#8230;<\/p>\n","protected":false},"author":3,"featured_media":134091,"comment_status":"closed","ping_status":"closed","sticky":false,"template":"","format":"standard","meta":[],"categories":[18],"tags":[],"_links":{"self":[{"href":"https:\/\/www.actualidadadiario.com\/index.php\/wp-json\/wp\/v2\/posts\/134090"}],"collection":[{"href":"https:\/\/www.actualidadadiario.com\/index.php\/wp-json\/wp\/v2\/posts"}],"about":[{"href":"https:\/\/www.actualidadadiario.com\/index.php\/wp-json\/wp\/v2\/types\/post"}],"author":[{"embeddable":true,"href":"https:\/\/www.actualidadadiario.com\/index.php\/wp-json\/wp\/v2\/users\/3"}],"replies":[{"embeddable":true,"href":"https:\/\/www.actualidadadiario.com\/index.php\/wp-json\/wp\/v2\/comments?post=134090"}],"version-history":[{"count":1,"href":"https:\/\/www.actualidadadiario.com\/index.php\/wp-json\/wp\/v2\/posts\/134090\/revisions"}],"predecessor-version":[{"id":134092,"href":"https:\/\/www.actualidadadiario.com\/index.php\/wp-json\/wp\/v2\/posts\/134090\/revisions\/134092"}],"wp:featuredmedia":[{"embeddable":true,"href":"https:\/\/www.actualidadadiario.com\/index.php\/wp-json\/wp\/v2\/media\/134091"}],"wp:attachment":[{"href":"https:\/\/www.actualidadadiario.com\/index.php\/wp-json\/wp\/v2\/media?parent=134090"}],"wp:term":[{"taxonomy":"category","embeddable":true,"href":"https:\/\/www.actualidadadiario.com\/index.php\/wp-json\/wp\/v2\/categories?post=134090"},{"taxonomy":"post_tag","embeddable":true,"href":"https:\/\/www.actualidadadiario.com\/index.php\/wp-json\/wp\/v2\/tags?post=134090"}],"curies":[{"name":"wp","href":"https:\/\/api.w.org\/{rel}","templated":true}]}}