{"id":134087,"date":"2025-11-19T11:54:14","date_gmt":"2025-11-19T14:54:14","guid":{"rendered":"https:\/\/www.actualidadadiario.com\/?p=134087"},"modified":"2025-11-19T11:54:14","modified_gmt":"2025-11-19T14:54:14","slug":"en-casa-rosada-dicen-que-no-temen-por-la-declaracion-de-diego-spagnuolo","status":"publish","type":"post","link":"https:\/\/www.actualidadadiario.com\/index.php\/2025\/11\/19\/en-casa-rosada-dicen-que-no-temen-por-la-declaracion-de-diego-spagnuolo\/","title":{"rendered":"En Casa Rosada dicen que no \u201ctemen\u201d por la declaraci\u00f3n de Diego Spagnuolo"},"content":{"rendered":"<p style=\"text-align: center;\"><em><strong>El ex funcionario deber\u00e1 presentarse a las 13 en Comodoro Py. \u201cNo tememos para nada\u201d, aseguraron en Balcarce 50<\/strong><\/em><\/p>\n<p>&nbsp;<\/p>\n<p>&nbsp;<\/p>\n<p>A horas de la declaraci\u00f3n indagatoria del extitular de la Agencia Nacional de Discapacidad (ANDIS) Diego Spagnuolo, en Casa Rosada reina la indiferencia entre los funcionarios, incluso los mencionados Karina Milei, secretaria general de la Presidencia, y Eduardo &#8220;Lule&#8221; Menem, armador del interior, que contin\u00faan con su agenda de actividades.<\/p>\n<p>&#8220;No tememos para nada. Es todo circo&#8221;, asegur\u00f3 una importante fuente oficial ante la consulta de la Agencia Noticias Argentinas, en la previa de la declaraci\u00f3n que el exfuncionario prestar\u00e1 ante el juez federal Sebasti\u00e1n Casanello y el fiscal Franco Picardi a las 13 en Comodoro Py.<\/p>\n<p>Asimismo, por los pasillos de Balcarce 50 tildan a Spagnuolo de &#8220;cuentapropista&#8221; y hasta lo referencian con insultos. Para varios funcionarios, el exANDIS hizo menci\u00f3n de Karina Milei y Lule Menem &#8220;sin ning\u00fan tipo de veracidad\u201d.<\/p>\n<p>El fiscal tambi\u00e9n convoc\u00f3 a declarar a Pablo Atchabahian; Miguel \u00c1ngel Calvete, Daniel Mar\u00eda Garbellini, Eduardo Nelio Gonz\u00e1lez, Lorena Di Giorno, Roger Edgar Grant, Luciana Ferrari y Federico Maximiliano Santich, entre otros.<\/p>\n<p>\u201cANDIS se constituy\u00f3 como una agencia en la cual existi\u00f3 un esquema estructurado y sostenido de direccionamientos de contrataciones p\u00fablicas y, en consecuencia, por las caracter\u00edsticas, de defraudaci\u00f3n al erario nacional, instrumentado mediante el uso del sistema inform\u00e1tico SIIPFIS como herramienta de aparente transparencia\u201d, agreg\u00f3 en el escrito.<\/p>\n<p>Por estas horas, en las filas libertarias conf\u00edan en el rol de la justicia y anticipan que contra la menor de los Milei &#8220;no van a encontrar absolutamente nada\u201d. Adem\u00e1s, precisan que ni Karina Milei ni Lule Menem fueron mencionados en esta epata del proceso. \u201cNo hay nada que ocultar. Repito lo mismo una vez m\u00e1s: que la justicia haga lo que tenga que hacer. No hay nada\u201d, sostuvo una importante voz involucrada.<\/p>\n<p>El pasado martes, Miguel \u00c1ngel Calvete, mano derecha de Spagnuolo, se neg\u00f3 a declarar en la causa que investiga presuntos actos de corrupci\u00f3n en el Gobierno, a trav\u00e9s de ANDIS. Se espera que algo similar ocurra con el extitular del organismo.<\/p>\n","protected":false},"excerpt":{"rendered":"<p>El ex funcionario deber\u00e1 presentarse a las 13 en Comodoro Py. \u201cNo tememos para nada\u201d, aseguraron en Balcarce 50 &nbsp; &nbsp; A horas de la declaraci\u00f3n indagatoria del extitular de la Agencia Nacional de Discapacidad (ANDIS) Diego Spagnuolo, en Casa Rosada reina la indiferencia entre los funcionarios, incluso los mencionados Karina Milei, secretaria general de la Presidencia, y Eduardo &#8220;Lule&#8221; Menem, armador del interior, que contin\u00faan con su agenda de actividades. &#8220;No tememos para nada. Es todo circo&#8221;, asegur\u00f3 una importante fuente oficial ante la consulta de la Agencia Noticias&#8230;<\/p>\n","protected":false},"author":3,"featured_media":134088,"comment_status":"closed","ping_status":"closed","sticky":false,"template":"","format":"standard","meta":[],"categories":[18],"tags":[],"_links":{"self":[{"href":"https:\/\/www.actualidadadiario.com\/index.php\/wp-json\/wp\/v2\/posts\/134087"}],"collection":[{"href":"https:\/\/www.actualidadadiario.com\/index.php\/wp-json\/wp\/v2\/posts"}],"about":[{"href":"https:\/\/www.actualidadadiario.com\/index.php\/wp-json\/wp\/v2\/types\/post"}],"author":[{"embeddable":true,"href":"https:\/\/www.actualidadadiario.com\/index.php\/wp-json\/wp\/v2\/users\/3"}],"replies":[{"embeddable":true,"href":"https:\/\/www.actualidadadiario.com\/index.php\/wp-json\/wp\/v2\/comments?post=134087"}],"version-history":[{"count":1,"href":"https:\/\/www.actualidadadiario.com\/index.php\/wp-json\/wp\/v2\/posts\/134087\/revisions"}],"predecessor-version":[{"id":134089,"href":"https:\/\/www.actualidadadiario.com\/index.php\/wp-json\/wp\/v2\/posts\/134087\/revisions\/134089"}],"wp:featuredmedia":[{"embeddable":true,"href":"https:\/\/www.actualidadadiario.com\/index.php\/wp-json\/wp\/v2\/media\/134088"}],"wp:attachment":[{"href":"https:\/\/www.actualidadadiario.com\/index.php\/wp-json\/wp\/v2\/media?parent=134087"}],"wp:term":[{"taxonomy":"category","embeddable":true,"href":"https:\/\/www.actualidadadiario.com\/index.php\/wp-json\/wp\/v2\/categories?post=134087"},{"taxonomy":"post_tag","embeddable":true,"href":"https:\/\/www.actualidadadiario.com\/index.php\/wp-json\/wp\/v2\/tags?post=134087"}],"curies":[{"name":"wp","href":"https:\/\/api.w.org\/{rel}","templated":true}]}}