{"id":134082,"date":"2025-11-19T11:49:02","date_gmt":"2025-11-19T14:49:02","guid":{"rendered":"https:\/\/www.actualidadadiario.com\/?p=134082"},"modified":"2025-11-19T11:49:02","modified_gmt":"2025-11-19T14:49:02","slug":"mayans-anuncio-una-unidad-peronista-en-el-senado-que-genera-dudas","status":"publish","type":"post","link":"https:\/\/www.actualidadadiario.com\/index.php\/2025\/11\/19\/mayans-anuncio-una-unidad-peronista-en-el-senado-que-genera-dudas\/","title":{"rendered":"Mayans anunci\u00f3 una unidad peronista en el Senado que genera dudas"},"content":{"rendered":"<p style=\"text-align: center;\"><em><strong>El formose\u00f1o dijo que habr\u00e1 un bloque \u00fanico que se llamar\u00e1 Justicialista. Dudas por la postura de algunos gobernadores y sus senadores. El catamarque\u00f1o Ra\u00fal Jalil se resiste y las miradas apuntan al santiague\u00f1o Gerardo Zamora<\/strong><\/em><\/p>\n<p>&nbsp;<\/p>\n<p>&nbsp;<\/p>\n<p>El senador Jos\u00e9 Mayans anunci\u00f3 que los bloques peronistas en el Senado volver\u00e1n a confluir en uno solo: \u201cSe habl\u00f3 de reunificaci\u00f3n, tener un solo bloque, que va a terminar siendo el bloque Justicialista. Estamos trabajando en eso\u201d. La frase final de Mayans da cuenta de las dudas que persisten por la postura de muchos gobernadores y las bancas que responden a esos mandatarios provinciales.<\/p>\n<p>Actualmente, el peronismo est\u00e1 dividido en tres bloques que conforman a su vez un interbloque. El Frente Nacional y Popular tiene 15 bancas y es presidido por el propio Mayans; Unidad Ciudadana tiene la misma cantidad y lo lidera Juliana Di Tullio; y Convicci\u00f3n Federal es un bloque presidido por el puntano Fernando Salino y conformado por cuatro peronistas d\u00edscolos de distintas provincias.<\/p>\n<p>En los hechos, funcionaron como un solo bloque de 34 senadores y senadoras. Pero ese n\u00famero se va a reducir a 28 en diciembre.<\/p>\n<p>La divisi\u00f3n de los dos primeros bloques -algunos a\u00f1os atr\u00e1s- respondi\u00f3 a una maniobra administrativa pensando en lugares para el Consejo de la Magistratura. El caso de Convicci\u00f3n Federal es diferente: se agrietaron disconformes con la conducci\u00f3n de Mayans y Di Tullio y la dependencia del Instituto Patria. \u201cEstamos trabajando con ellos para reunificar todos los bloques. Creo que el tiempo reclama eso\u201d, solt\u00f3 el formose\u00f1o.<\/p>\n<p>Sin embargo, esa reunificaci\u00f3n parece dif\u00edcil: en ese bloque est\u00e1 Guillermo Andrada, que responde al gobernador catamarque\u00f1o Ra\u00fal Jalil y que, por las se\u00f1ales de los \u00faltimos d\u00edas, parece m\u00e1s cerca de ser un aliado funcional de Milei que de volver al redil peronista. Tambi\u00e9n est\u00e1 la juje\u00f1a Carolina Mois\u00e9s, que en las \u00faltimas horas public\u00f3 un mensaje incendiario tras el mensaje de Mayans: \u201cBueno&#8230; siguen declarando &#8220;unidad&#8221; sin convocar a nadie. Siguen imponiendo sin consensuar ni una idea. \u00bfUnidad es con otros o con ellos mismos? Puros, el que piense distinto que se vaya. Me parece que ese es el mensaje de hoy. Subordinaci\u00f3n o traici\u00f3n\u201d.<\/p>\n<p>El otro foco de preocupaci\u00f3n es lo que pueda pasar con los senadores de Santiago del Estero, que son parte de los bloques. El gobernador, Gerardo Zamora, es un aliado del peronismo nacional y logr\u00f3 una vez m\u00e1s -dividiendo a su propio espacio en dos listas- quedarse con las tres bancas de esa provincia debido a la avasallante cantidad de votos que sigue obteniendo. Hoy, Zamora tiene previsto recibir al ministro del Interior, Diego Santilli, que viene seduciendo mandatarios provinciales para conseguir sus votos en el Congreso, negociando obras y env\u00edo de recursos. El propio gobernador ser\u00e1 parte del Senado en diciembre y su postura de ser parte del interbloque peronista podr\u00eda cambiar.<\/p>\n","protected":false},"excerpt":{"rendered":"<p>El formose\u00f1o dijo que habr\u00e1 un bloque \u00fanico que se llamar\u00e1 Justicialista. Dudas por la postura de algunos gobernadores y sus senadores. El catamarque\u00f1o Ra\u00fal Jalil se resiste y las miradas apuntan al santiague\u00f1o Gerardo Zamora &nbsp; &nbsp; El senador Jos\u00e9 Mayans anunci\u00f3 que los bloques peronistas en el Senado volver\u00e1n a confluir en uno solo: \u201cSe habl\u00f3 de reunificaci\u00f3n, tener un solo bloque, que va a terminar siendo el bloque Justicialista. Estamos trabajando en eso\u201d. La frase final de Mayans da cuenta de las dudas que persisten por la&#8230;<\/p>\n","protected":false},"author":3,"featured_media":134083,"comment_status":"closed","ping_status":"closed","sticky":false,"template":"","format":"standard","meta":[],"categories":[18],"tags":[],"_links":{"self":[{"href":"https:\/\/www.actualidadadiario.com\/index.php\/wp-json\/wp\/v2\/posts\/134082"}],"collection":[{"href":"https:\/\/www.actualidadadiario.com\/index.php\/wp-json\/wp\/v2\/posts"}],"about":[{"href":"https:\/\/www.actualidadadiario.com\/index.php\/wp-json\/wp\/v2\/types\/post"}],"author":[{"embeddable":true,"href":"https:\/\/www.actualidadadiario.com\/index.php\/wp-json\/wp\/v2\/users\/3"}],"replies":[{"embeddable":true,"href":"https:\/\/www.actualidadadiario.com\/index.php\/wp-json\/wp\/v2\/comments?post=134082"}],"version-history":[{"count":1,"href":"https:\/\/www.actualidadadiario.com\/index.php\/wp-json\/wp\/v2\/posts\/134082\/revisions"}],"predecessor-version":[{"id":134084,"href":"https:\/\/www.actualidadadiario.com\/index.php\/wp-json\/wp\/v2\/posts\/134082\/revisions\/134084"}],"wp:featuredmedia":[{"embeddable":true,"href":"https:\/\/www.actualidadadiario.com\/index.php\/wp-json\/wp\/v2\/media\/134083"}],"wp:attachment":[{"href":"https:\/\/www.actualidadadiario.com\/index.php\/wp-json\/wp\/v2\/media?parent=134082"}],"wp:term":[{"taxonomy":"category","embeddable":true,"href":"https:\/\/www.actualidadadiario.com\/index.php\/wp-json\/wp\/v2\/categories?post=134082"},{"taxonomy":"post_tag","embeddable":true,"href":"https:\/\/www.actualidadadiario.com\/index.php\/wp-json\/wp\/v2\/tags?post=134082"}],"curies":[{"name":"wp","href":"https:\/\/api.w.org\/{rel}","templated":true}]}}