{"id":134057,"date":"2025-11-19T10:17:03","date_gmt":"2025-11-19T13:17:03","guid":{"rendered":"https:\/\/www.actualidadadiario.com\/?p=134057"},"modified":"2025-11-19T10:17:03","modified_gmt":"2025-11-19T13:17:03","slug":"fin-de-semana-largo-noviembre-2025-que-dia-es-feriado-y-cual-es-no-laborable-2","status":"publish","type":"post","link":"https:\/\/www.actualidadadiario.com\/index.php\/2025\/11\/19\/fin-de-semana-largo-noviembre-2025-que-dia-es-feriado-y-cual-es-no-laborable-2\/","title":{"rendered":"Fin de semana largo noviembre 2025: qu\u00e9 d\u00eda es feriado y cu\u00e1l es no laborable"},"content":{"rendered":"<p style=\"text-align: center;\"><em><strong>Noviembre llega con cambios importantes en el calendario oficial. Habr\u00e1 un d\u00eda no laborable y un feriado nacional trasladado. El fin de semana largo impactar\u00e1 en todos los sectores<\/strong><\/em><\/p>\n<p>&nbsp;<\/p>\n<p>&nbsp;<\/p>\n<p>En pleno noviembre, crece el inter\u00e9s por conocer qu\u00e9 fechas permitir\u00e1n organizar viajes, descansos o actividades familiares antes del cierre del a\u00f1o. En ese marco, uno de los puntos centrales del calendario es el viernes 21 de noviembre de 2025, una jornada que gener\u00f3 consultas y confusiones entre trabajadores, estudiantes y comercios. \u00bfEs un feriado o un d\u00eda no laborable?<\/p>\n<p>De acuerdo con la informaci\u00f3n oficial del Gobierno argentino, el 21 de noviembre ser\u00e1 d\u00eda no laborable con fines tur\u00edsticos. Esta categor\u00eda se incorpora cada a\u00f1o para promover el movimiento econ\u00f3mico interno y facilitar escapadas cortas en distintos puntos del pa\u00eds.<\/p>\n<p>A diferencia de los feriados nacionales, el empleador privado conserva la facultad de decidir si concede o no el descanso. En caso de requerir la asistencia, el salario se paga de manera habitual, sin recargo especial.<\/p>\n<p>Ese d\u00eda, los organismos p\u00fablicos, bancos y escuelas permanecer\u00e1n cerrados, mientras que en el \u00e1mbito privado la actividad depender\u00e1 de cada instituci\u00f3n. Por eso, se trata de una jornada particular: no es feriado, pero s\u00ed constituye un puente oficial que habilita un descanso extendido para gran parte de la ciudadan\u00eda.<\/p>\n<p>&nbsp;<\/p>\n<p><strong>El lunes 24 de noviembre: feriado nacional por el D\u00eda de la Soberan\u00eda<\/strong><\/p>\n<p>El calendario oficial establece que el lunes 24 de noviembre de 2025 ser\u00e1 feriado nacional, en conmemoraci\u00f3n del D\u00eda de la Soberan\u00eda Nacional. La fecha, originalmente fijada para el 20 de noviembre, se traslada ese a\u00f1o al lunes siguiente con el objetivo de conformar un fin de semana largo y facilitar la planificaci\u00f3n social.<\/p>\n<p>Durante los feriados nacionales, el descanso es obligatorio para todos los trabajadores. Solo quienes presten servicios esenciales o contin\u00faen bajo modalidades especiales pueden ser convocados, y en ese caso deben recibir el doble de la remuneraci\u00f3n habitual. La medida se aplica en todos los niveles: administraci\u00f3n p\u00fablica, sistema bancario, establecimientos educativos y comercios que decidan abrir bajo las condiciones previstas por ley.<\/p>\n<p>La normativa recuerda que estos feriados implican la suspensi\u00f3n total de actividades administrativas y comerciales en el sector p\u00fablico, mientras que en el \u00e1mbito privado el funcionamiento queda restringido a servicios esenciales o guardias m\u00ednimas. As\u00ed, el 24 de noviembre se convierte en una jornada de alcance federal y de cumplimiento obligatorio.<\/p>\n<p>&nbsp;<\/p>\n<p><strong>C\u00f3mo queda el fin de semana largo y por qu\u00e9 es relevante<\/strong><\/p>\n<p>La combinaci\u00f3n de un d\u00eda no laborable el viernes 21 y un feriado nacional el lunes 24 configura un fin de semana largo de cuatro d\u00edas, uno de los \u00faltimos del a\u00f1o antes del cierre del ciclo lectivo y laboral. Este esquema busca favorecer el turismo interno, mejorar la planificaci\u00f3n familiar y promover la actividad econ\u00f3mica en destinos de todo el pa\u00eds.<\/p>\n<p>El D\u00eda de la Soberan\u00eda Nacional recuerda la Batalla de la Vuelta de Obligado, ocurrida el 20 de noviembre de 1845, una instancia clave en la defensa de la soberan\u00eda argentina. Al ser un feriado trasladable, su reubicaci\u00f3n en el calendario permite que la fecha conserve su sentido hist\u00f3rico y, a la vez, habilite un tramo de descanso extendido.<\/p>\n","protected":false},"excerpt":{"rendered":"<p>Noviembre llega con cambios importantes en el calendario oficial. Habr\u00e1 un d\u00eda no laborable y un feriado nacional trasladado. El fin de semana largo impactar\u00e1 en todos los sectores &nbsp; &nbsp; En pleno noviembre, crece el inter\u00e9s por conocer qu\u00e9 fechas permitir\u00e1n organizar viajes, descansos o actividades familiares antes del cierre del a\u00f1o. En ese marco, uno de los puntos centrales del calendario es el viernes 21 de noviembre de 2025, una jornada que gener\u00f3 consultas y confusiones entre trabajadores, estudiantes y comercios. \u00bfEs un feriado o un d\u00eda no&#8230;<\/p>\n","protected":false},"author":3,"featured_media":114873,"comment_status":"closed","ping_status":"closed","sticky":false,"template":"","format":"standard","meta":[],"categories":[2],"tags":[],"_links":{"self":[{"href":"https:\/\/www.actualidadadiario.com\/index.php\/wp-json\/wp\/v2\/posts\/134057"}],"collection":[{"href":"https:\/\/www.actualidadadiario.com\/index.php\/wp-json\/wp\/v2\/posts"}],"about":[{"href":"https:\/\/www.actualidadadiario.com\/index.php\/wp-json\/wp\/v2\/types\/post"}],"author":[{"embeddable":true,"href":"https:\/\/www.actualidadadiario.com\/index.php\/wp-json\/wp\/v2\/users\/3"}],"replies":[{"embeddable":true,"href":"https:\/\/www.actualidadadiario.com\/index.php\/wp-json\/wp\/v2\/comments?post=134057"}],"version-history":[{"count":1,"href":"https:\/\/www.actualidadadiario.com\/index.php\/wp-json\/wp\/v2\/posts\/134057\/revisions"}],"predecessor-version":[{"id":134058,"href":"https:\/\/www.actualidadadiario.com\/index.php\/wp-json\/wp\/v2\/posts\/134057\/revisions\/134058"}],"wp:featuredmedia":[{"embeddable":true,"href":"https:\/\/www.actualidadadiario.com\/index.php\/wp-json\/wp\/v2\/media\/114873"}],"wp:attachment":[{"href":"https:\/\/www.actualidadadiario.com\/index.php\/wp-json\/wp\/v2\/media?parent=134057"}],"wp:term":[{"taxonomy":"category","embeddable":true,"href":"https:\/\/www.actualidadadiario.com\/index.php\/wp-json\/wp\/v2\/categories?post=134057"},{"taxonomy":"post_tag","embeddable":true,"href":"https:\/\/www.actualidadadiario.com\/index.php\/wp-json\/wp\/v2\/tags?post=134057"}],"curies":[{"name":"wp","href":"https:\/\/api.w.org\/{rel}","templated":true}]}}