{"id":134044,"date":"2025-11-19T09:35:45","date_gmt":"2025-11-19T12:35:45","guid":{"rendered":"https:\/\/www.actualidadadiario.com\/?p=134044"},"modified":"2025-11-19T09:35:45","modified_gmt":"2025-11-19T12:35:45","slug":"diputados-tratara-este-miercoles-el-proyecto-de-presupuesto-2026","status":"publish","type":"post","link":"https:\/\/www.actualidadadiario.com\/index.php\/2025\/11\/19\/diputados-tratara-este-miercoles-el-proyecto-de-presupuesto-2026\/","title":{"rendered":"Diputados tratar\u00e1 este mi\u00e9rcoles el proyecto de Presupuesto 2026"},"content":{"rendered":"<p style=\"text-align: center;\"><em><strong>La C\u00e1mara de Diputados fue convocada para este mi\u00e9rcoles a las 11, cuando se pondr\u00e1 a consideraci\u00f3n el proyecto de Presupuesto 2026, que ya cuenta con dictamen de comisi\u00f3n y aguarda su aprobaci\u00f3n<\/strong><\/em><\/p>\n<p>&nbsp;<\/p>\n<p>&nbsp;<\/p>\n<p>La C\u00e1mara de Diputados de Entre R\u00edos sesionar\u00e1 este mi\u00e9rcoles a las 11 para debatir y someter a votaci\u00f3n el proyecto de Presupuesto General 2026, que avanz\u00f3 en su tratamiento parlamentario tras obtener dictamen de la Comisi\u00f3n de Hacienda, Presupuesto y Cuentas. La media sanci\u00f3n se dar\u00eda durante esta sesi\u00f3n especial, convocada exclusivamente para abordar el articulado y los niveles de inversi\u00f3n previstos por el Poder Ejecutivo.<\/p>\n<p>El expediente tom\u00f3 estado parlamentario en la sesi\u00f3n ordinaria realizada este martes, paso formal que despej\u00f3 el camino para su debate definitivo en el recinto. Seg\u00fan se indic\u00f3, el dictamen fue resultado de un extenso an\u00e1lisis en comisi\u00f3n, con participaci\u00f3n de equipos t\u00e9cnicos de los ministerios involucrados.<\/p>\n<p>&nbsp;<\/p>\n<p><strong>Valoraciones y fundamentos del dictamen<\/strong><\/p>\n<p>En la previa del debate, la vicepresidenta de la C\u00e1mara, Gabriela Lena, destac\u00f3 las caracter\u00edsticas centrales del proyecto. Se\u00f1al\u00f3 que \u201cel Presupuesto elaborado por el Poder Ejecutivo tiene una serie de fortalezas\u201d y consider\u00f3 que \u201ces cre\u00edble pues contiene una fuerte inversi\u00f3n en pol\u00edticas de ni\u00f1ez, adem\u00e1s de la obra p\u00fablica\u201d. Tambi\u00e9n valor\u00f3 el trabajo en comisi\u00f3n, al remarcar que las explicaciones brindadas \u2014particularmente las del ministro de Hacienda y Finanzas, Fabi\u00e1n Boleas\u2014 permitieron un abordaje t\u00e9cnico detallado.<\/p>\n<p>La sesi\u00f3n de este mi\u00e9rcoles ser\u00e1 el momento en que las bancadas definan sus posturas en torno a las prioridades de inversi\u00f3n, la pol\u00edtica salarial proyectada, el plan de obra p\u00fablica y el esquema financiero general previsto para el pr\u00f3ximo a\u00f1o.<\/p>\n<p>&nbsp;<\/p>\n<p><strong>Otros dict\u00e1menes que ingresaron al recinto<\/strong><\/p>\n<p>En la sesi\u00f3n ordinaria de este martes se incorporaron adem\u00e1s otros proyectos que quedaron habilitados para futuras discusiones legislativas. Entre ellos, el dictamen que propone ratificar el Decreto N\u00ba 1402\/25 GOB, mediante el cual se suspendi\u00f3 por 180 d\u00edas la afiliaci\u00f3n obligatoria a mutuales y obras sociales municipales y comunales.<\/p>\n<p>Tambi\u00e9n se incorpor\u00f3 un dictamen de Legislaci\u00f3n General sobre el proyecto de la diputada Lorena Arrozogaray, que ampl\u00eda las exclusiones en el Registro de Deudores Alimentarios y prev\u00e9 impedir el acceso de personas morosas a espect\u00e1culos culturales y deportivos.<\/p>\n<p>&nbsp;<\/p>\n<p><strong>Expectativa por la votaci\u00f3n<\/strong><\/p>\n<p>La jornada parlamentaria de este mi\u00e9rcoles concentrar\u00e1 la atenci\u00f3n oficial y pol\u00edtica, dado que el Presupuesto Provincial constituye la herramienta central para definir el funcionamiento del Estado durante 2026. Con la media sanci\u00f3n de Diputados, el proyecto quedar\u00e1 en condiciones de pasar al Senado para continuar su tratamiento en el marco del proceso legislativo.<\/p>\n","protected":false},"excerpt":{"rendered":"<p>La C\u00e1mara de Diputados fue convocada para este mi\u00e9rcoles a las 11, cuando se pondr\u00e1 a consideraci\u00f3n el proyecto de Presupuesto 2026, que ya cuenta con dictamen de comisi\u00f3n y aguarda su aprobaci\u00f3n &nbsp; &nbsp; La C\u00e1mara de Diputados de Entre R\u00edos sesionar\u00e1 este mi\u00e9rcoles a las 11 para debatir y someter a votaci\u00f3n el proyecto de Presupuesto General 2026, que avanz\u00f3 en su tratamiento parlamentario tras obtener dictamen de la Comisi\u00f3n de Hacienda, Presupuesto y Cuentas. La media sanci\u00f3n se dar\u00eda durante esta sesi\u00f3n especial, convocada exclusivamente para abordar&#8230;<\/p>\n","protected":false},"author":3,"featured_media":133781,"comment_status":"closed","ping_status":"closed","sticky":false,"template":"","format":"standard","meta":[],"categories":[15],"tags":[],"_links":{"self":[{"href":"https:\/\/www.actualidadadiario.com\/index.php\/wp-json\/wp\/v2\/posts\/134044"}],"collection":[{"href":"https:\/\/www.actualidadadiario.com\/index.php\/wp-json\/wp\/v2\/posts"}],"about":[{"href":"https:\/\/www.actualidadadiario.com\/index.php\/wp-json\/wp\/v2\/types\/post"}],"author":[{"embeddable":true,"href":"https:\/\/www.actualidadadiario.com\/index.php\/wp-json\/wp\/v2\/users\/3"}],"replies":[{"embeddable":true,"href":"https:\/\/www.actualidadadiario.com\/index.php\/wp-json\/wp\/v2\/comments?post=134044"}],"version-history":[{"count":1,"href":"https:\/\/www.actualidadadiario.com\/index.php\/wp-json\/wp\/v2\/posts\/134044\/revisions"}],"predecessor-version":[{"id":134045,"href":"https:\/\/www.actualidadadiario.com\/index.php\/wp-json\/wp\/v2\/posts\/134044\/revisions\/134045"}],"wp:featuredmedia":[{"embeddable":true,"href":"https:\/\/www.actualidadadiario.com\/index.php\/wp-json\/wp\/v2\/media\/133781"}],"wp:attachment":[{"href":"https:\/\/www.actualidadadiario.com\/index.php\/wp-json\/wp\/v2\/media?parent=134044"}],"wp:term":[{"taxonomy":"category","embeddable":true,"href":"https:\/\/www.actualidadadiario.com\/index.php\/wp-json\/wp\/v2\/categories?post=134044"},{"taxonomy":"post_tag","embeddable":true,"href":"https:\/\/www.actualidadadiario.com\/index.php\/wp-json\/wp\/v2\/tags?post=134044"}],"curies":[{"name":"wp","href":"https:\/\/api.w.org\/{rel}","templated":true}]}}