{"id":134042,"date":"2025-11-19T09:35:06","date_gmt":"2025-11-19T12:35:06","guid":{"rendered":"https:\/\/www.actualidadadiario.com\/?p=134042"},"modified":"2025-11-19T09:35:06","modified_gmt":"2025-11-19T12:35:06","slug":"siguen-subiendo-las-temperaturas-y-se-acercan-las-tormentas-otra-vez","status":"publish","type":"post","link":"https:\/\/www.actualidadadiario.com\/index.php\/2025\/11\/19\/siguen-subiendo-las-temperaturas-y-se-acercan-las-tormentas-otra-vez\/","title":{"rendered":"Siguen subiendo las temperaturas y se acercan las tormentas otra vez"},"content":{"rendered":"<p style=\"text-align: center;\"><em><strong>El pron\u00f3stico avisa por nuevas precipitaciones en la regi\u00f3n tras d\u00edas muy calurosos<\/strong><\/em><\/p>\n<p>&nbsp;<\/p>\n<p>&nbsp;<\/p>\n<p>El Servicio Meteorol\u00f3gico Nacional -SMN- espera d\u00edas calurosos para esta semana en Entre R\u00edos y se prev\u00e9 el regreso de las lluvias para la noche del jueves y madrugada y ma\u00f1ana del viernes.<\/p>\n<p>De acuerdo al pron\u00f3stico oficial, las temperaturas superar\u00e1n los 30 grados este mi\u00e9rcoles y jueves, en la antesala a la llegada de la inestabilidad que har\u00eda volver las precipitaciones.<\/p>\n<p>&nbsp;<\/p>\n<p><strong>As\u00ed estar\u00e1 el tiempo este mi\u00e9rcoles<\/strong><\/p>\n<p>En Paran\u00e1, La Paz, Diamante, Nogoy\u00e1 y Villaguay se indican 18 grados de m\u00ednima y 31 grados de m\u00e1xima. Para este mi\u00e9rcoles en la capital y departamentos aleda\u00f1os se anuncia cielo despejado durante toda la jornada.<\/p>\n<p>En Concordia, Federal, Feliciano, Federaci\u00f3n y San Salvador se pronostican 17 grados de m\u00ednima y 30 grados de m\u00e1xima. En estas localidades tambi\u00e9n se espera un mi\u00e9rcoles con cielo despejado.<\/p>\n<p>En Gualeguaych\u00fa, Uruguay, Tala, Col\u00f3n e Islas del Ibicuy se prev\u00e9n 16 grados de m\u00ednima y 28 grados de m\u00e1xima. All\u00ed se aguarda un d\u00eda despejado por la ma\u00f1ana y ligeramente nublado por la tarde.<\/p>\n","protected":false},"excerpt":{"rendered":"<p>El pron\u00f3stico avisa por nuevas precipitaciones en la regi\u00f3n tras d\u00edas muy calurosos &nbsp; &nbsp; El Servicio Meteorol\u00f3gico Nacional -SMN- espera d\u00edas calurosos para esta semana en Entre R\u00edos y se prev\u00e9 el regreso de las lluvias para la noche del jueves y madrugada y ma\u00f1ana del viernes. De acuerdo al pron\u00f3stico oficial, las temperaturas superar\u00e1n los 30 grados este mi\u00e9rcoles y jueves, en la antesala a la llegada de la inestabilidad que har\u00eda volver las precipitaciones. &nbsp; As\u00ed estar\u00e1 el tiempo este mi\u00e9rcoles En Paran\u00e1, La Paz, Diamante, Nogoy\u00e1&#8230;<\/p>\n","protected":false},"author":3,"featured_media":95002,"comment_status":"closed","ping_status":"closed","sticky":false,"template":"","format":"standard","meta":[],"categories":[15],"tags":[],"_links":{"self":[{"href":"https:\/\/www.actualidadadiario.com\/index.php\/wp-json\/wp\/v2\/posts\/134042"}],"collection":[{"href":"https:\/\/www.actualidadadiario.com\/index.php\/wp-json\/wp\/v2\/posts"}],"about":[{"href":"https:\/\/www.actualidadadiario.com\/index.php\/wp-json\/wp\/v2\/types\/post"}],"author":[{"embeddable":true,"href":"https:\/\/www.actualidadadiario.com\/index.php\/wp-json\/wp\/v2\/users\/3"}],"replies":[{"embeddable":true,"href":"https:\/\/www.actualidadadiario.com\/index.php\/wp-json\/wp\/v2\/comments?post=134042"}],"version-history":[{"count":1,"href":"https:\/\/www.actualidadadiario.com\/index.php\/wp-json\/wp\/v2\/posts\/134042\/revisions"}],"predecessor-version":[{"id":134043,"href":"https:\/\/www.actualidadadiario.com\/index.php\/wp-json\/wp\/v2\/posts\/134042\/revisions\/134043"}],"wp:featuredmedia":[{"embeddable":true,"href":"https:\/\/www.actualidadadiario.com\/index.php\/wp-json\/wp\/v2\/media\/95002"}],"wp:attachment":[{"href":"https:\/\/www.actualidadadiario.com\/index.php\/wp-json\/wp\/v2\/media?parent=134042"}],"wp:term":[{"taxonomy":"category","embeddable":true,"href":"https:\/\/www.actualidadadiario.com\/index.php\/wp-json\/wp\/v2\/categories?post=134042"},{"taxonomy":"post_tag","embeddable":true,"href":"https:\/\/www.actualidadadiario.com\/index.php\/wp-json\/wp\/v2\/tags?post=134042"}],"curies":[{"name":"wp","href":"https:\/\/api.w.org\/{rel}","templated":true}]}}