{"id":133671,"date":"2025-10-30T11:41:26","date_gmt":"2025-10-30T14:41:26","guid":{"rendered":"https:\/\/www.actualidadadiario.com\/?p=133671"},"modified":"2025-10-30T11:41:26","modified_gmt":"2025-10-30T14:41:26","slug":"quien-es-doca-el-numero-2-de-comando-vermelho-que-burlo-la-operacion-policial-mas-grande-y-mortifera-en-la-historia-de-brasil","status":"publish","type":"post","link":"https:\/\/www.actualidadadiario.com\/index.php\/2025\/10\/30\/quien-es-doca-el-numero-2-de-comando-vermelho-que-burlo-la-operacion-policial-mas-grande-y-mortifera-en-la-historia-de-brasil\/","title":{"rendered":"Qui\u00e9n es &#8220;Doca&#8221;, el n\u00famero 2 de Comando Vermelho que burl\u00f3 la operaci\u00f3n policial m\u00e1s grande y mort\u00edfera en la historia de Brasil"},"content":{"rendered":"<p style=\"text-align: center;\"><em><strong>Andr\u00e9 Lyra de Oliveira, alias L\u00e1pis, se encontraba en la comunidad de Quitungo, en el barrio de Br\u00e1s de Pina, en la zona norte de R\u00edo de Janeiro, Brasil, cuando dos hombres le dispararon<\/strong><\/em><\/p>\n<p>&nbsp;<\/p>\n<p>&nbsp;<\/p>\n<p>L\u00e1pis muri\u00f3 all\u00ed, alrededor de las tres de la madrugada del 16 de septiembre de 2021.<\/p>\n<p>Seg\u00fan la polic\u00eda, las \u00f3rdenes para cometer el crimen provinieron de Edgar Alves de Andrade, alias Doca, un poderoso l\u00edder del Comando Vermelho (CV), quien se encuentra actualmente pr\u00f3fugo.<\/p>\n<p>En la jerarqu\u00eda de esta organizaci\u00f3n criminal, solo est\u00e1 por debajo de Marcinho VP y Fernandinho Beira-Mar, ambos encarcelados en prisiones federales.<\/p>\n<p>Doca era el principal objetivo de la Operaci\u00f3n Contenci\u00f3n, llevada a cabo por la polic\u00eda de R\u00edo de Janeiro este martes en los complejos de Alem\u00e3o y Penha, y considerada la m\u00e1s sangrienta en la historia del pa\u00eds.<\/p>\n<p>Seg\u00fan V\u00edctor Santos, secretario de Seguridad P\u00fablica de R\u00edo de Janeiro, el delincuente utiliz\u00f3 a los sicarios de los narcotraficantes para crear un bloqueo y fugarse. La l\u00ednea de denuncias an\u00f3nimas de R\u00edo ofrece una recompensa de R$100.000 (US$18.000) por informaci\u00f3n que conduzca a su captura.<\/p>\n<p>&#8220;En esta primera instancia no pudimos capturar a Doca porque es una estrategia que utilizan&#8221;, declar\u00f3 Santos en una entrevista con GloboNews, explicando que al dejar a los &#8220;soldados&#8221; al frente para que sean arrestados con mayor facilidad, terminan obstaculizando la detenci\u00f3n de los l\u00edderes<\/p>\n<p>&nbsp;<\/p>\n<p><strong>Figura clave<\/strong><\/p>\n<p>Seg\u00fan sus antecedentes penales, Doca naci\u00f3 en 1970 en Cai\u00e7ara, aunque existen discrepancias en los registros de las propias autoridades sobre si su origen es Cai\u00e7ara en Rio Grande do Sul o Cai\u00e7ara en Para\u00edba.<\/p>\n<p>Doca ingres\u00f3 al mundo del crimen hace al menos 20 a\u00f1os. En 2007, fue arrestado por portar un arma y traficar drogas en Vila da Penha, en la zona norte de R\u00edo de Janeiro.<\/p>\n<p>En aquel entonces, declar\u00f3 a la polic\u00eda que era militar y a\u00f1os despu\u00e9s su condena fue reducida.<\/p>\n<p>De vuelta en las calles, Doca asumi\u00f3 un papel importante en la organizaci\u00f3n criminal. No era un miembro m\u00e1s. Como l\u00edder, empez\u00f3 a gestionar los recursos de la facci\u00f3n, principalmente en la regi\u00f3n de Vila da Penha, y a orquestar \u00f3rdenes como la que acab\u00f3 con la vida de L\u00e1pis.<\/p>\n<p>Doca ten\u00eda un motivo para desear la muerte de L\u00e1pis: una disputa territorial en la zona norte. En los \u00faltimos a\u00f1os, las milicias y el CV hab\u00edan intensificado sus enfrentamientos.<\/p>\n<p>En 2020, el Tercer Comando de la Capital (TCP) se ali\u00f3 con la milicia de la comunidad de Quitungo \u2014una zona de inter\u00e9s para el CV\u2014, la cual se encontraba debilitada, para vender drogas clandestinamente. La comunidad est\u00e1 ubicada a pocos kil\u00f3metros del Complejo Penha.<\/p>\n<p>En marzo de 2020, algunos miembros del TCP provocaron al CV: grabaron videos desde el interior de Vila Cruzeiro, en Penha. Meses despu\u00e9s, en octubre, la provocaci\u00f3n deriv\u00f3 en ataques en zonas del Complejo Penha. El CV respondi\u00f3 ofreciendo recompensas en redes sociales a quienes asesinaran a rivales en la regi\u00f3n. L\u00e1pis fue uno de los objetivos.<\/p>\n<p>Como uno de los l\u00edderes del CV, Doca es considerado una de las figuras clave responsables de la expansi\u00f3n de la facci\u00f3n en los \u00faltimos a\u00f1os.<\/p>\n<p>Entre 2022 y 2023, la organizaci\u00f3n increment\u00f3 en un 8,4% las zonas bajo su control y recuper\u00f3 el liderazgo que hab\u00eda perdido ante las milicias en a\u00f1os anteriores. Y hoy representa el 51,9% de las zonas dominadas por grupos armados en la Regi\u00f3n Metropolitana de R\u00edo.<\/p>\n<p>Esta disputa entre milicias y facciones culmin\u00f3 con el asesinato por error de tres m\u00e9dicos en Barra da Tijuca en octubre de 2023: Diego Ralf Bomfim, Marcos de Andrade Corsato y Perseu Ribeiro Almeida.<\/p>\n<p>En esa ocasi\u00f3n, los criminales confundieron a Perseu con Taillon de Alc\u00e2ntara Pereira Barbosa, hijo de un miliciano. Seg\u00fan la polic\u00eda, la autorizaci\u00f3n provino de Doca.<\/p>\n<p>Al enterarse del error, Doca presuntamente orden\u00f3 el asesinato tambi\u00e9n de sus c\u00f3mplices.<\/p>\n<p>&nbsp;<\/p>\n<p><strong>Larga lista de cr\u00edmenes<\/strong><\/p>\n<p>Estos delitos no son los \u00fanicos por los que Doca est\u00e1 siendo buscado. Su extenso historial delictivo \u2014de 189 p\u00e1ginas\u2014 registra 176 antecedentes penales hasta 2023.<\/p>\n<p>La mayor\u00eda de ellos corresponden a tr\u00e1fico de drogas, asociaci\u00f3n delictiva, hurto y robo, homicidio, tortura y posesi\u00f3n ilegal de armas.<\/p>\n<p>En diciembre de 2020, Doca tambi\u00e9n fue acusado de autorizar el asesinato de tres ni\u00f1os: Lucas Matheus da Silva, de 8 a\u00f1os; Alexandre da Silva, de 10; y Fernando Henrique Ribeiro, de 12.<\/p>\n<p>Los ni\u00f1os hab\u00edan tenido una disputa con un narcotraficante local por un pajarito. Con la aprobaci\u00f3n de Doca, los delincuentes torturaron y asesinaron a los tres.<\/p>\n<p>Como l\u00edder del CV, Doca tambi\u00e9n estuvo involucrado, seg\u00fan las investigaciones, en la compra y el uso de drones lanzagranadas empleados este martes contra la polic\u00eda.<\/p>\n","protected":false},"excerpt":{"rendered":"<p>Andr\u00e9 Lyra de Oliveira, alias L\u00e1pis, se encontraba en la comunidad de Quitungo, en el barrio de Br\u00e1s de Pina, en la zona norte de R\u00edo de Janeiro, Brasil, cuando dos hombres le dispararon &nbsp; &nbsp; L\u00e1pis muri\u00f3 all\u00ed, alrededor de las tres de la madrugada del 16 de septiembre de 2021. Seg\u00fan la polic\u00eda, las \u00f3rdenes para cometer el crimen provinieron de Edgar Alves de Andrade, alias Doca, un poderoso l\u00edder del Comando Vermelho (CV), quien se encuentra actualmente pr\u00f3fugo. En la jerarqu\u00eda de esta organizaci\u00f3n criminal, solo est\u00e1&#8230;<\/p>\n","protected":false},"author":3,"featured_media":133672,"comment_status":"closed","ping_status":"closed","sticky":false,"template":"","format":"standard","meta":[],"categories":[4],"tags":[],"_links":{"self":[{"href":"https:\/\/www.actualidadadiario.com\/index.php\/wp-json\/wp\/v2\/posts\/133671"}],"collection":[{"href":"https:\/\/www.actualidadadiario.com\/index.php\/wp-json\/wp\/v2\/posts"}],"about":[{"href":"https:\/\/www.actualidadadiario.com\/index.php\/wp-json\/wp\/v2\/types\/post"}],"author":[{"embeddable":true,"href":"https:\/\/www.actualidadadiario.com\/index.php\/wp-json\/wp\/v2\/users\/3"}],"replies":[{"embeddable":true,"href":"https:\/\/www.actualidadadiario.com\/index.php\/wp-json\/wp\/v2\/comments?post=133671"}],"version-history":[{"count":1,"href":"https:\/\/www.actualidadadiario.com\/index.php\/wp-json\/wp\/v2\/posts\/133671\/revisions"}],"predecessor-version":[{"id":133673,"href":"https:\/\/www.actualidadadiario.com\/index.php\/wp-json\/wp\/v2\/posts\/133671\/revisions\/133673"}],"wp:featuredmedia":[{"embeddable":true,"href":"https:\/\/www.actualidadadiario.com\/index.php\/wp-json\/wp\/v2\/media\/133672"}],"wp:attachment":[{"href":"https:\/\/www.actualidadadiario.com\/index.php\/wp-json\/wp\/v2\/media?parent=133671"}],"wp:term":[{"taxonomy":"category","embeddable":true,"href":"https:\/\/www.actualidadadiario.com\/index.php\/wp-json\/wp\/v2\/categories?post=133671"},{"taxonomy":"post_tag","embeddable":true,"href":"https:\/\/www.actualidadadiario.com\/index.php\/wp-json\/wp\/v2\/tags?post=133671"}],"curies":[{"name":"wp","href":"https:\/\/api.w.org\/{rel}","templated":true}]}}