{"id":132038,"date":"2025-08-28T09:53:59","date_gmt":"2025-08-28T12:53:59","guid":{"rendered":"https:\/\/www.actualidadadiario.com\/?p=132038"},"modified":"2025-08-28T09:53:59","modified_gmt":"2025-08-28T12:53:59","slug":"el-86-cree-que-hay-corrupcion-en-el-gobierno-nacional-y-que-karina-milei-esta-implicada","status":"publish","type":"post","link":"https:\/\/www.actualidadadiario.com\/index.php\/2025\/08\/28\/el-86-cree-que-hay-corrupcion-en-el-gobierno-nacional-y-que-karina-milei-esta-implicada\/","title":{"rendered":"El 86% cree que hay corrupci\u00f3n en el Gobierno nacional y que Karina Milei est\u00e1 implicada"},"content":{"rendered":"<p style=\"text-align: center;\"><em><strong>La consultora Horus realiz\u00f3 un relevamiento de los comentarios realizados en posteos de Instagram y Facebook para determinar qu\u00e9 opinan los usuarios sobre la denuncia de corrupci\u00f3n por los audios de Spagnuolo<\/strong><\/em><\/p>\n<p>&nbsp;<\/p>\n<p>&nbsp;<\/p>\n<p>La consultora Horus realiz\u00f3 un estudio sobre 9,8 mil comentarios realizados en posteos de Instagram y Facebook, a nivel nacional, entre el 19 y el 24 de agosto de 2025, para determinar qu\u00e9 dicen las redes sociales sobre el esc\u00e1ndalo de corrupci\u00f3n que salpica a Karina Milei, hermana del presidente, y a los primos Mart\u00edn y &#8220;Lule&#8221; Menem.<\/p>\n<p>Seg\u00fan este relevamiento, el 86% piensa que \u201cexiste corrupci\u00f3n en el Gobierno nacional y se\u00f1alan que Karina Milei est\u00e1 implicada. La indignaci\u00f3n por la corrupci\u00f3n se potencia porque los fondos desviados deber\u00edan haberse destinado a personas con discapacidad. Adem\u00e1s, acusan a Javier Milei de encubrir el caso\u201d. Horus remarc\u00f3 el comentario de un usuario: &#8220;Los honestos&#8230; empiezan a caerse las caretas&#8221;.<\/p>\n<p>Por otra parte, seg\u00fan el estudio, el 11% de los comentarios \u201cdefiende al oficialismo y ve el caso como una \u2018operaci\u00f3n K amplificada por medios y periodistas ensobrados. Sostienen que las denuncias carecen de pruebas y que se busca debilitar a Milei en el marco electoral. Este sector ratifica su apoyo al presidente y afirma que \u2018los K no vuelven m\u00e1s\u2019\u201d. La consultora se\u00f1ala que un usuario escribi\u00f3: \u201cDenuncias truchas para bajarle la imagen a Milei\u201d.<\/p>\n<p>&nbsp;<\/p>\n<p><strong>De qu\u00e9 se trata la acusaci\u00f3n contra Karina Milei y los Menem por corrupci\u00f3n<\/strong><\/p>\n<p>La hermana del presidente est\u00e1 denunciada por, supuestamente, recibir coimas millonarias por un contrato de medicamentos que se firm\u00f3 entre una importante farmac\u00e9utica y el Estado. Todo arranc\u00f3 con una grabaci\u00f3n que se viraliz\u00f3 donde, en teor\u00eda, se oye la voz de Diego Spagnuolo, extitular de la Agencia Nacional de Discapacidad (ANDIS), diciendo: \u201cLule (Menem) lo que est\u00e1 haciendo es que est\u00e1 choreando de una manera\u2026 \u00c9l (por Javier Milei) no est\u00e1 metido, pero es toda gente de \u00e9l. Yo habl\u00e9 con el presidente. (Le dije) \u2018Javi, est\u00e1 pasando esto, esto y esto\u2019. Sab\u00e9s que tu hermana est\u00e1 choreando. No te pod\u00e9s hacer el boludo conmigo\u201d.<\/p>\n<p>En otra parte de la grabaci\u00f3n se oye la frase que compromete seriamente a Karina Milei: \u201cHay medicamentos con descuento, entonces la droguer\u00eda los consigue m\u00e1s barato y les da rentabilidad mayor. Y hay medicamentos que no tienen descuentos, entonces la rentabilidad es menos. \u00bfQu\u00e9 hace \u2018la Suizo\u2019? Todos los que tienen descuentos van para ellos. A Karina le debe llegar el 3%. Si es el 5% y el 1% se va en la operatoria, 1% es para m\u00ed y vos Karina te llev\u00e1s el 3%. Seguidamente deben hacer as\u00ed. Llega a haber alg\u00fan quilombo y a m\u00ed no me cuidan, yo esto se lo dije al presidente\u2026 a la primera que se van a llevar presa es a Karina\u201d.<\/p>\n<p>El mi\u00e9rcoles 20, el abogado Gregorio Dalb\u00f3n denunci\u00f3 al presidente, a la secretaria general Karina Milei y al asesor Eduardo \u201cLule\u201d Menem as\u00ed como a Spagnuolo y Eduardo Kovalivker por haber \u201cparticipado en un esquema de cobro y pago de coimas relacionadas con la compra y provisi\u00f3n de medicamentos\u201d.<\/p>\n<p>El letrado se\u00f1al\u00f3 que esa conducta constituir\u00eda los delitos de \u201ccohecho, administraci\u00f3n fraudulenta, negociaciones incompatibles con el ejercicio de funciones p\u00fablicas e infracci\u00f3n a la ley de \u00c9tica P\u00fablica\u201d y pidi\u00f3 que se investigue una presunta maniobra de \u201casociaci\u00f3n il\u00edcita\u201d.<\/p>\n","protected":false},"excerpt":{"rendered":"<p>La consultora Horus realiz\u00f3 un relevamiento de los comentarios realizados en posteos de Instagram y Facebook para determinar qu\u00e9 opinan los usuarios sobre la denuncia de corrupci\u00f3n por los audios de Spagnuolo &nbsp; &nbsp; La consultora Horus realiz\u00f3 un estudio sobre 9,8 mil comentarios realizados en posteos de Instagram y Facebook, a nivel nacional, entre el 19 y el 24 de agosto de 2025, para determinar qu\u00e9 dicen las redes sociales sobre el esc\u00e1ndalo de corrupci\u00f3n que salpica a Karina Milei, hermana del presidente, y a los primos Mart\u00edn y&#8230;<\/p>\n","protected":false},"author":3,"featured_media":131920,"comment_status":"closed","ping_status":"closed","sticky":false,"template":"","format":"standard","meta":[],"categories":[9],"tags":[],"_links":{"self":[{"href":"https:\/\/www.actualidadadiario.com\/index.php\/wp-json\/wp\/v2\/posts\/132038"}],"collection":[{"href":"https:\/\/www.actualidadadiario.com\/index.php\/wp-json\/wp\/v2\/posts"}],"about":[{"href":"https:\/\/www.actualidadadiario.com\/index.php\/wp-json\/wp\/v2\/types\/post"}],"author":[{"embeddable":true,"href":"https:\/\/www.actualidadadiario.com\/index.php\/wp-json\/wp\/v2\/users\/3"}],"replies":[{"embeddable":true,"href":"https:\/\/www.actualidadadiario.com\/index.php\/wp-json\/wp\/v2\/comments?post=132038"}],"version-history":[{"count":1,"href":"https:\/\/www.actualidadadiario.com\/index.php\/wp-json\/wp\/v2\/posts\/132038\/revisions"}],"predecessor-version":[{"id":132039,"href":"https:\/\/www.actualidadadiario.com\/index.php\/wp-json\/wp\/v2\/posts\/132038\/revisions\/132039"}],"wp:featuredmedia":[{"embeddable":true,"href":"https:\/\/www.actualidadadiario.com\/index.php\/wp-json\/wp\/v2\/media\/131920"}],"wp:attachment":[{"href":"https:\/\/www.actualidadadiario.com\/index.php\/wp-json\/wp\/v2\/media?parent=132038"}],"wp:term":[{"taxonomy":"category","embeddable":true,"href":"https:\/\/www.actualidadadiario.com\/index.php\/wp-json\/wp\/v2\/categories?post=132038"},{"taxonomy":"post_tag","embeddable":true,"href":"https:\/\/www.actualidadadiario.com\/index.php\/wp-json\/wp\/v2\/tags?post=132038"}],"curies":[{"name":"wp","href":"https:\/\/api.w.org\/{rel}","templated":true}]}}