{"id":132035,"date":"2025-08-28T09:53:05","date_gmt":"2025-08-28T12:53:05","guid":{"rendered":"https:\/\/www.actualidadadiario.com\/?p=132035"},"modified":"2025-08-28T09:53:05","modified_gmt":"2025-08-28T12:53:05","slug":"la-casta-menem-quien-es-quien-y-cual-es-su-rol-en-la-politica-actual-de-la-mano-de-los-milei","status":"publish","type":"post","link":"https:\/\/www.actualidadadiario.com\/index.php\/2025\/08\/28\/la-casta-menem-quien-es-quien-y-cual-es-su-rol-en-la-politica-actual-de-la-mano-de-los-milei\/","title":{"rendered":"La casta Menem: qui\u00e9n es qui\u00e9n y cu\u00e1l es su rol en la pol\u00edtica actual de la mano de los Milei"},"content":{"rendered":"<p style=\"text-align: center;\"><em><strong>Los Menem mantienen su apellido presente en el Congreso y la Casa Rosada, conservando un v\u00ednculo estrat\u00e9gico con los Milei y sin perder sus ra\u00edces hist\u00f3ricas en La Rioja. Qui\u00e9n es qui\u00e9n y c\u00f3mo consolidaron su lugar en la pol\u00edtica<\/strong><\/em><\/p>\n<p>&nbsp;<\/p>\n<p>&nbsp;<\/p>\n<p>Los Menem vuelven a estar en el centro de la pol\u00e9mica, esta vez ligados al gobierno de Javier Milei. Tras a\u00f1os de bajo perfil, los herederos del expresidente Carlos Sa\u00fal reaparecieron ocupando espacios clave en el Congreso, la Casa Rosada y La Rioja. Pero su regreso no est\u00e1 exento de denuncias: desde licitaciones millonarias hasta acusaciones por coimas, el apellido Menem vuelve a sonar en el entramado del poder argentino.<\/p>\n<p>Uno de los esc\u00e1ndalos m\u00e1s recientes involucra a Mart\u00edn Menem, presidente de la C\u00e1mara de Diputados, por la preadjudicaci\u00f3n de una licitaci\u00f3n del Banco Naci\u00f3n a Tech Security, la empresa que co-fund\u00f3 hace casi 20 a\u00f1os. El contrato, por m\u00e1s de 3.900 millones de pesos, se suma a los negocios previos de otra firma vinculada al clan, GPS Group, que ya hab\u00eda facturado m\u00e1s de 3.000 millones desde diciembre de 2023. Aunque Mart\u00edn se desvincul\u00f3 formalmente de la compa\u00f1\u00eda al asumir como legislador, la operaci\u00f3n encendi\u00f3 cuestionamientos sobre sus nexos empresariales y pol\u00edticos.<\/p>\n<p>Su acercamiento a Javier y Karina Milei comenz\u00f3 en 2017, tras escucharlo en televisi\u00f3n y sentirse identificado con su tono irascible y sus ideas econ\u00f3micas. Dos a\u00f1os despu\u00e9s, facilit\u00f3 el encuentro del libertario con su t\u00edo Carlos Menem, donde compartieron varias horas de conversaci\u00f3n sobre pol\u00edtica y an\u00e9cdotas familiares, consolidando as\u00ed un v\u00ednculo que terminar\u00eda marcando su futuro pol\u00edtico.<\/p>\n<p>En paralelo, Eduardo \u201cLule\u201d Menem, actual subsecretario de Gesti\u00f3n Institucional, qued\u00f3 en el centro de la investigaci\u00f3n por las presuntas coimas en la Agencia Nacional de Discapacidad (Andis). Seg\u00fan los audios que motivaron una denuncia judicial, qued\u00f3 expuesto como uno de los principales colaboradores de Karina Milei, quien se habr\u00eda apropiado de un 3% del dinero.<\/p>\n<p>La causa avanza en el juzgado de Sebasti\u00e1n Casanello, con allanamientos y secreto de sumario, por lo que se destaca como uno de los casos que mayor magnitud tom\u00f3 hasta el momento por involucrar, adem\u00e1s, a la hermana del Presidente y a este mismo como conocedor de los hechos. Ambos dirigentes, Mart\u00edn y Lule, fueron los \u00fanicos en salir p\u00fablicamente a defender a los Milei, pese a que el par de hermanos mantiene el silencio.<\/p>\n<p>Por su parte, Lule, con experiencia previa como secretario privado de su t\u00edo Eduardo, comenz\u00f3 la relaci\u00f3n con los libertarios incluso antes de la muerte de Carlos Menem, cuando ya hab\u00eda ganado la confianza de Javier y Karina, aprovechando la devoci\u00f3n que estos ten\u00edan por el menemismo hist\u00f3rico y proyectando su influencia hacia el Congreso y la Casa Rosada.<\/p>\n<p>Mart\u00edn, abogado y empresario, se sostiene en su padre Eduardo como consejero y en una red \u00edntima: su prima Amalia como secretaria y su sobrino Sharif, de 23 a\u00f1os, como director en la C\u00e1mara Baja. Lule, en cambio, juega su hist\u00f3rico rol de operador en las sombras, guiando a su primo, desactivando conflictos y siendo &#8220;los ojos&#8221; de Karina Milei en el Congreso.<\/p>\n<p>Los v\u00ednculos con el expresidente Carlos Sa\u00fal siguen presentes en el discurso de sus herederos. Mart\u00edn reivindica la etapa de privatizaciones y convertibilidad de los noventa, mientras Lule, que fue asesor de Eduardo y del propio Carlos, apuesta a consolidar una estructura partidaria para Milei y su primo en La Rioja.<\/p>\n<p>El clan, sin embargo, no es homog\u00e9neo. En La Rioja, otros Menem ocupan puestos bajo el mando del gobernador Ricardo Quintela y marcan distancia de Milei. Alfredo Menem es ministro de Desarrollo Social, su hermano Yamil dirige la Agencia de Espacios P\u00fablicos y Jorge Menem preside el Tribunal de Cuentas. Amado, por su parte, conduce el PAMI local. A pesar de la distancia ideol\u00f3gica en algunos casos, el peso pol\u00edtico del apellido permanece vigente, varios a\u00f1os despu\u00e9s de la muerte del expresidente.<\/p>\n","protected":false},"excerpt":{"rendered":"<p>Los Menem mantienen su apellido presente en el Congreso y la Casa Rosada, conservando un v\u00ednculo estrat\u00e9gico con los Milei y sin perder sus ra\u00edces hist\u00f3ricas en La Rioja. Qui\u00e9n es qui\u00e9n y c\u00f3mo consolidaron su lugar en la pol\u00edtica &nbsp; &nbsp; Los Menem vuelven a estar en el centro de la pol\u00e9mica, esta vez ligados al gobierno de Javier Milei. Tras a\u00f1os de bajo perfil, los herederos del expresidente Carlos Sa\u00fal reaparecieron ocupando espacios clave en el Congreso, la Casa Rosada y La Rioja. Pero su regreso no est\u00e1&#8230;<\/p>\n","protected":false},"author":3,"featured_media":132036,"comment_status":"closed","ping_status":"closed","sticky":false,"template":"","format":"standard","meta":[],"categories":[9],"tags":[],"_links":{"self":[{"href":"https:\/\/www.actualidadadiario.com\/index.php\/wp-json\/wp\/v2\/posts\/132035"}],"collection":[{"href":"https:\/\/www.actualidadadiario.com\/index.php\/wp-json\/wp\/v2\/posts"}],"about":[{"href":"https:\/\/www.actualidadadiario.com\/index.php\/wp-json\/wp\/v2\/types\/post"}],"author":[{"embeddable":true,"href":"https:\/\/www.actualidadadiario.com\/index.php\/wp-json\/wp\/v2\/users\/3"}],"replies":[{"embeddable":true,"href":"https:\/\/www.actualidadadiario.com\/index.php\/wp-json\/wp\/v2\/comments?post=132035"}],"version-history":[{"count":1,"href":"https:\/\/www.actualidadadiario.com\/index.php\/wp-json\/wp\/v2\/posts\/132035\/revisions"}],"predecessor-version":[{"id":132037,"href":"https:\/\/www.actualidadadiario.com\/index.php\/wp-json\/wp\/v2\/posts\/132035\/revisions\/132037"}],"wp:featuredmedia":[{"embeddable":true,"href":"https:\/\/www.actualidadadiario.com\/index.php\/wp-json\/wp\/v2\/media\/132036"}],"wp:attachment":[{"href":"https:\/\/www.actualidadadiario.com\/index.php\/wp-json\/wp\/v2\/media?parent=132035"}],"wp:term":[{"taxonomy":"category","embeddable":true,"href":"https:\/\/www.actualidadadiario.com\/index.php\/wp-json\/wp\/v2\/categories?post=132035"},{"taxonomy":"post_tag","embeddable":true,"href":"https:\/\/www.actualidadadiario.com\/index.php\/wp-json\/wp\/v2\/tags?post=132035"}],"curies":[{"name":"wp","href":"https:\/\/api.w.org\/{rel}","templated":true}]}}