{"id":132033,"date":"2025-08-28T09:28:51","date_gmt":"2025-08-28T12:28:51","guid":{"rendered":"https:\/\/www.actualidadadiario.com\/?p=132033"},"modified":"2025-08-28T09:28:51","modified_gmt":"2025-08-28T12:28:51","slug":"comienza-este-sabado-el-cronograma-de-pagos-de-haberes-en-entre-rios","status":"publish","type":"post","link":"https:\/\/www.actualidadadiario.com\/index.php\/2025\/08\/28\/comienza-este-sabado-el-cronograma-de-pagos-de-haberes-en-entre-rios\/","title":{"rendered":"Comienza este s\u00e1bado el cronograma de pagos de haberes en Entre R\u00edos"},"content":{"rendered":"<p style=\"text-align: center;\"><em><strong>El Gobierno provincial inform\u00f3 que los pagos correspondientes al mes de agosto se efectuar\u00e1n desde el 30 de agosto hasta el 6 de septiembre para activos y pasivos<\/strong><\/em><\/p>\n<p>&nbsp;<\/p>\n<p>&nbsp;<\/p>\n<p>El Gobierno de Entre R\u00edos comunic\u00f3 el cronograma de pagos de haberes para la administraci\u00f3n p\u00fablica provincial correspondientes al mes de agosto. Los pagos comenzar\u00e1n a efectuarse este s\u00e1bado 30 de agosto y se extender\u00e1n hasta el s\u00e1bado 6 de septiembre.<\/p>\n<p>La medida alcanza tanto a los agentes activos como a los pasivos del sector p\u00fablico provincial, quienes recibir\u00e1n sus haberes de acuerdo al calendario oficial. La administraci\u00f3n provincial recomienda a los beneficiarios estar atentos a las fechas asignadas seg\u00fan su categor\u00eda y dependencia.<\/p>\n<p>&nbsp;<\/p>\n<p><strong>Cronograma de pagos<\/strong><\/p>\n<p>-S\u00e1bado 30 de agosto: hasta 651.000 pesos.<\/p>\n<p>-Martes 2 de septiembre: desde 651.001 hasta 867.000 pesos.<\/p>\n<p>-Mi\u00e9rcoles 3 de septiembre: desde 867.001 hasta 1.041.000 pesos.<\/p>\n<p>-Jueves 4 de septiembre: desde 1.041.001 hasta 1.322.000 pesos.<\/p>\n<p>-Viernes 5 de septiembre: desde 1.322.001 hasta 1.827.000 pesos.<\/p>\n<p>-S\u00e1bado 6 de septiembre: m\u00e1s de 1.827.001 pesos.<\/p>\n","protected":false},"excerpt":{"rendered":"<p>El Gobierno provincial inform\u00f3 que los pagos correspondientes al mes de agosto se efectuar\u00e1n desde el 30 de agosto hasta el 6 de septiembre para activos y pasivos &nbsp; &nbsp; El Gobierno de Entre R\u00edos comunic\u00f3 el cronograma de pagos de haberes para la administraci\u00f3n p\u00fablica provincial correspondientes al mes de agosto. Los pagos comenzar\u00e1n a efectuarse este s\u00e1bado 30 de agosto y se extender\u00e1n hasta el s\u00e1bado 6 de septiembre. La medida alcanza tanto a los agentes activos como a los pasivos del sector p\u00fablico provincial, quienes recibir\u00e1n sus&#8230;<\/p>\n","protected":false},"author":3,"featured_media":123066,"comment_status":"closed","ping_status":"closed","sticky":false,"template":"","format":"standard","meta":[],"categories":[15],"tags":[],"_links":{"self":[{"href":"https:\/\/www.actualidadadiario.com\/index.php\/wp-json\/wp\/v2\/posts\/132033"}],"collection":[{"href":"https:\/\/www.actualidadadiario.com\/index.php\/wp-json\/wp\/v2\/posts"}],"about":[{"href":"https:\/\/www.actualidadadiario.com\/index.php\/wp-json\/wp\/v2\/types\/post"}],"author":[{"embeddable":true,"href":"https:\/\/www.actualidadadiario.com\/index.php\/wp-json\/wp\/v2\/users\/3"}],"replies":[{"embeddable":true,"href":"https:\/\/www.actualidadadiario.com\/index.php\/wp-json\/wp\/v2\/comments?post=132033"}],"version-history":[{"count":1,"href":"https:\/\/www.actualidadadiario.com\/index.php\/wp-json\/wp\/v2\/posts\/132033\/revisions"}],"predecessor-version":[{"id":132034,"href":"https:\/\/www.actualidadadiario.com\/index.php\/wp-json\/wp\/v2\/posts\/132033\/revisions\/132034"}],"wp:featuredmedia":[{"embeddable":true,"href":"https:\/\/www.actualidadadiario.com\/index.php\/wp-json\/wp\/v2\/media\/123066"}],"wp:attachment":[{"href":"https:\/\/www.actualidadadiario.com\/index.php\/wp-json\/wp\/v2\/media?parent=132033"}],"wp:term":[{"taxonomy":"category","embeddable":true,"href":"https:\/\/www.actualidadadiario.com\/index.php\/wp-json\/wp\/v2\/categories?post=132033"},{"taxonomy":"post_tag","embeddable":true,"href":"https:\/\/www.actualidadadiario.com\/index.php\/wp-json\/wp\/v2\/tags?post=132033"}],"curies":[{"name":"wp","href":"https:\/\/api.w.org\/{rel}","templated":true}]}}