{"id":132029,"date":"2025-08-28T09:27:12","date_gmt":"2025-08-28T12:27:12","guid":{"rendered":"https:\/\/www.actualidadadiario.com\/?p=132029"},"modified":"2025-08-28T09:27:12","modified_gmt":"2025-08-28T12:27:12","slug":"pronto-llegarian-las-lluvias-y-tormentas-a-la-provincia","status":"publish","type":"post","link":"https:\/\/www.actualidadadiario.com\/index.php\/2025\/08\/28\/pronto-llegarian-las-lluvias-y-tormentas-a-la-provincia\/","title":{"rendered":"Pronto llegar\u00edan las lluvias y tormentas a la provincia"},"content":{"rendered":"<p style=\"text-align: center;\"><em><strong>El pron\u00f3stico indica buen tiempo para este jueves, pero hacia el fin de semana confirman la llegada de la &#8220;tormenta de Santa Rosa&#8221;<\/strong><\/em><\/p>\n<p>&nbsp;<\/p>\n<p>&nbsp;<\/p>\n<p>El Servicio Meteorol\u00f3gico Nacional -SMN- informa que este jueves 28 de agosto se presentar\u00e1 con buen tiempo en Entre R\u00edos. El d\u00eda comenzar\u00e1 despejado y a la tarde noche podr\u00eda haber un leve aumento de la nubosidad.<\/p>\n<p>El d\u00eda adem\u00e1s ser\u00e1 otra vez primaveral, con temperaturas m\u00ednimas promedio de 9 grados y m\u00e1ximas que podr\u00edan ubicarse entre los 22 y 23 grados, dependiendo de las zonas en la provincia.<\/p>\n<p>El pron\u00f3stico confirma que las condiciones tender\u00e1n a desmejorar el fin de semana. Para el s\u00e1bado y domingo se anuncian lluvias y tormentas aisladas, en coincidencia con la llegada del fen\u00f3meno de la \u201ctormenta de Santa Rosa\u201d.<\/p>\n<p>&nbsp;<\/p>\n<p><strong>Pron\u00f3stico para hoy<\/strong><\/p>\n<p>En Paran\u00e1, La Paz, Villaguay, Diamante y Nogoy\u00e1 la temperatura m\u00ednima ser\u00e1 de 11 grados y la m\u00e1xima alcanzar\u00e1 los 23 grados. En la capital y alrededores se espera un cielo entre despejado y parcialmente nublado durante el d\u00eda.<\/p>\n<p>En Concordia, Federal, Feliciano, Federaci\u00f3n y San Salvador, en tanto, se aguarda una m\u00ednima de 9 grados y una m\u00e1xima de 24 grados. En estas ciudades tambi\u00e9n se anuncia despejado de ma\u00f1ana, algo nublado de tarde y parcialmente nublado de noche.<\/p>\n<p>En Gualeguaych\u00fa, Col\u00f3n, Uruguay, Tala e Islas, se espera una m\u00ednima de 11 grados y una m\u00e1xima de 22 grados. En estas localidades se prev\u00e9 una leve nubosidad en aumento hacia la tarde noche.<\/p>\n<p>En Gualeguay y Victoria se espera una m\u00ednima de 11 grados y una m\u00e1xima de 23 grados. El d\u00eda comenzar\u00e1 despejado, continuar\u00e1 algo nublado de tarde y finalizar\u00e1 parcialmente nublado.<\/p>\n","protected":false},"excerpt":{"rendered":"<p>El pron\u00f3stico indica buen tiempo para este jueves, pero hacia el fin de semana confirman la llegada de la &#8220;tormenta de Santa Rosa&#8221; &nbsp; &nbsp; El Servicio Meteorol\u00f3gico Nacional -SMN- informa que este jueves 28 de agosto se presentar\u00e1 con buen tiempo en Entre R\u00edos. El d\u00eda comenzar\u00e1 despejado y a la tarde noche podr\u00eda haber un leve aumento de la nubosidad. El d\u00eda adem\u00e1s ser\u00e1 otra vez primaveral, con temperaturas m\u00ednimas promedio de 9 grados y m\u00e1ximas que podr\u00edan ubicarse entre los 22 y 23 grados, dependiendo de las&#8230;<\/p>\n","protected":false},"author":3,"featured_media":102494,"comment_status":"closed","ping_status":"closed","sticky":false,"template":"","format":"standard","meta":[],"categories":[15],"tags":[],"_links":{"self":[{"href":"https:\/\/www.actualidadadiario.com\/index.php\/wp-json\/wp\/v2\/posts\/132029"}],"collection":[{"href":"https:\/\/www.actualidadadiario.com\/index.php\/wp-json\/wp\/v2\/posts"}],"about":[{"href":"https:\/\/www.actualidadadiario.com\/index.php\/wp-json\/wp\/v2\/types\/post"}],"author":[{"embeddable":true,"href":"https:\/\/www.actualidadadiario.com\/index.php\/wp-json\/wp\/v2\/users\/3"}],"replies":[{"embeddable":true,"href":"https:\/\/www.actualidadadiario.com\/index.php\/wp-json\/wp\/v2\/comments?post=132029"}],"version-history":[{"count":1,"href":"https:\/\/www.actualidadadiario.com\/index.php\/wp-json\/wp\/v2\/posts\/132029\/revisions"}],"predecessor-version":[{"id":132030,"href":"https:\/\/www.actualidadadiario.com\/index.php\/wp-json\/wp\/v2\/posts\/132029\/revisions\/132030"}],"wp:featuredmedia":[{"embeddable":true,"href":"https:\/\/www.actualidadadiario.com\/index.php\/wp-json\/wp\/v2\/media\/102494"}],"wp:attachment":[{"href":"https:\/\/www.actualidadadiario.com\/index.php\/wp-json\/wp\/v2\/media?parent=132029"}],"wp:term":[{"taxonomy":"category","embeddable":true,"href":"https:\/\/www.actualidadadiario.com\/index.php\/wp-json\/wp\/v2\/categories?post=132029"},{"taxonomy":"post_tag","embeddable":true,"href":"https:\/\/www.actualidadadiario.com\/index.php\/wp-json\/wp\/v2\/tags?post=132029"}],"curies":[{"name":"wp","href":"https:\/\/api.w.org\/{rel}","templated":true}]}}