{"id":132021,"date":"2025-08-28T09:24:03","date_gmt":"2025-08-28T12:24:03","guid":{"rendered":"https:\/\/www.actualidadadiario.com\/?p=132021"},"modified":"2025-08-28T09:24:03","modified_gmt":"2025-08-28T12:24:03","slug":"concordia-contabilizo-mas-de-1400-casos-de-violencia-de-genero-en-el-primer-semestre-del-ano","status":"publish","type":"post","link":"https:\/\/www.actualidadadiario.com\/index.php\/2025\/08\/28\/concordia-contabilizo-mas-de-1400-casos-de-violencia-de-genero-en-el-primer-semestre-del-ano\/","title":{"rendered":"Concordia contabiliz\u00f3 m\u00e1s de 1400 casos de violencia de g\u00e9nero en el primer semestre del a\u00f1o"},"content":{"rendered":"<p style=\"text-align: center;\"><em><strong>Son estad\u00edsticas oficiales y solo se tiene en cuenta el per\u00edodo enero\/junio de este 2025. Desde la Justicia se reconoci\u00f3 que es &#8220;un alto \u00edndice de denuncias y redenuncias&#8221;<\/strong><\/em><\/p>\n<p>&nbsp;<\/p>\n<p>&nbsp;<\/p>\n<p>En el d\u00eda de ayer, el Superior Tribunal de Justicia de Entre R\u00edos (STJER) dispuso la apertura de una convocatoria destinada a profesionales del derecho para cubrir una suplencia en la Secretar\u00eda de la Oficina de Violencia de G\u00e9nero.<\/p>\n<p>M\u00e1s all\u00e1 de la convocatoria, la oportunidad sirvi\u00f3 para detallar las estad\u00edsticas oficiales en cuanto al flagelo.<\/p>\n<p>&nbsp;<\/p>\n<p><strong>Concordia<\/strong><\/p>\n<p>Seg\u00fan la justicia entrerriana, el llamado para cubrir el cargo responde &#8220;a una decisi\u00f3n pol\u00edtica judicial enmarcada en derechos humanos, g\u00e9nero e interseccionalidad&#8221;, relacionada &#8220;a las estad\u00edsticas recientes que reflejan un alto \u00edndice de denuncias y redenuncias en la provincia durante el \u00faltimo a\u00f1o&#8221;.<\/p>\n<p>En efecto, con la acci\u00f3n se busca &#8220;fortalecer el funcionamiento institucional y visibilizar la magnitud de la problem\u00e1tica&#8221;.<\/p>\n<p>En cuanto a violencia de g\u00e9nero seg\u00fan jurisdicci\u00f3n, Concordia contabiliz\u00f3 &#8211; solamente en el per\u00edodo enero\/junio de 2025 &#8211; la friolera de 1492 casos. Solamente fue superado por el departamento Paran\u00e1, con 2877 casos.<\/p>\n<p>&nbsp;<\/p>\n<p><strong>Estad\u00edsticas<\/strong><\/p>\n<p>En cuanto al total de casos provincial, se detall\u00f3 que en todo el territorio entrerriano hubo &#8211; siempre en el primer semestre del presente a\u00f1o &#8211; 9421 casos de violencia de g\u00e9nero.<\/p>\n<p>Luego de Paran\u00e1 y Concordia, en cuanto a cantidad de denuncias, las jurisdicciones que siguen son Gualeguaych\u00fa con 734, el departamento Uruguay con 600, Gualeguay con 582, Victoria con 485, La Paz con 473 y Col\u00f3n con 406 casos.<\/p>\n<p>&nbsp;<\/p>\n<p><strong>Ayuda<\/strong><\/p>\n<p>La violencia de g\u00e9nero es definida por la Ley 26.485 como toda conducta \u2014acci\u00f3n u omisi\u00f3n\u2014 basada en una relaci\u00f3n desigual de poder que da\u00f1a la vida, libertad, dignidad o integridad (f\u00edsica, psicol\u00f3gica, sexual, econ\u00f3mica o patrimonial) de las mujeres y diversidades, tanto en el \u00e1mbito p\u00fablico como privado.<\/p>\n<p>Vale recordar que para la prevenci\u00f3n, atenci\u00f3n y denuncia de la violencia de g\u00e9nero en Entre R\u00edos, est\u00e1 habilitado el 0800 444 6372 del Poder Judicial, para atenci\u00f3n las 24 horas.<\/p>\n<p>Tambi\u00e9n se puede acceder al formulario online del Poder Judicial de Entre R\u00edos. Para realizar denuncias o contactar a la Subsecretar\u00eda de la Mujer (a trav\u00e9s del Gobierno de Entre R\u00edos) el tel\u00e9fono es el 0343 4208826. Y otra opci\u00f3n es contactar con la Oficina de Violencia de G\u00e9nero (OVG) del Poder Judicial.<\/p>\n","protected":false},"excerpt":{"rendered":"<p>Son estad\u00edsticas oficiales y solo se tiene en cuenta el per\u00edodo enero\/junio de este 2025. Desde la Justicia se reconoci\u00f3 que es &#8220;un alto \u00edndice de denuncias y redenuncias&#8221; &nbsp; &nbsp; En el d\u00eda de ayer, el Superior Tribunal de Justicia de Entre R\u00edos (STJER) dispuso la apertura de una convocatoria destinada a profesionales del derecho para cubrir una suplencia en la Secretar\u00eda de la Oficina de Violencia de G\u00e9nero. M\u00e1s all\u00e1 de la convocatoria, la oportunidad sirvi\u00f3 para detallar las estad\u00edsticas oficiales en cuanto al flagelo. &nbsp; Concordia Seg\u00fan&#8230;<\/p>\n","protected":false},"author":3,"featured_media":95248,"comment_status":"closed","ping_status":"closed","sticky":false,"template":"","format":"standard","meta":[],"categories":[15],"tags":[],"_links":{"self":[{"href":"https:\/\/www.actualidadadiario.com\/index.php\/wp-json\/wp\/v2\/posts\/132021"}],"collection":[{"href":"https:\/\/www.actualidadadiario.com\/index.php\/wp-json\/wp\/v2\/posts"}],"about":[{"href":"https:\/\/www.actualidadadiario.com\/index.php\/wp-json\/wp\/v2\/types\/post"}],"author":[{"embeddable":true,"href":"https:\/\/www.actualidadadiario.com\/index.php\/wp-json\/wp\/v2\/users\/3"}],"replies":[{"embeddable":true,"href":"https:\/\/www.actualidadadiario.com\/index.php\/wp-json\/wp\/v2\/comments?post=132021"}],"version-history":[{"count":1,"href":"https:\/\/www.actualidadadiario.com\/index.php\/wp-json\/wp\/v2\/posts\/132021\/revisions"}],"predecessor-version":[{"id":132022,"href":"https:\/\/www.actualidadadiario.com\/index.php\/wp-json\/wp\/v2\/posts\/132021\/revisions\/132022"}],"wp:featuredmedia":[{"embeddable":true,"href":"https:\/\/www.actualidadadiario.com\/index.php\/wp-json\/wp\/v2\/media\/95248"}],"wp:attachment":[{"href":"https:\/\/www.actualidadadiario.com\/index.php\/wp-json\/wp\/v2\/media?parent=132021"}],"wp:term":[{"taxonomy":"category","embeddable":true,"href":"https:\/\/www.actualidadadiario.com\/index.php\/wp-json\/wp\/v2\/categories?post=132021"},{"taxonomy":"post_tag","embeddable":true,"href":"https:\/\/www.actualidadadiario.com\/index.php\/wp-json\/wp\/v2\/tags?post=132021"}],"curies":[{"name":"wp","href":"https:\/\/api.w.org\/{rel}","templated":true}]}}