{"id":132017,"date":"2025-08-28T09:23:03","date_gmt":"2025-08-28T12:23:03","guid":{"rendered":"https:\/\/www.actualidadadiario.com\/?p=132017"},"modified":"2025-08-28T09:23:18","modified_gmt":"2025-08-28T12:23:18","slug":"frigerio-anuncio-inversiones-en-salud-publica-recorrio-obras-y-opino-sobre-el-escandalo-del-gobierno-nacional","status":"publish","type":"post","link":"https:\/\/www.actualidadadiario.com\/index.php\/2025\/08\/28\/frigerio-anuncio-inversiones-en-salud-publica-recorrio-obras-y-opino-sobre-el-escandalo-del-gobierno-nacional\/","title":{"rendered":"Frigerio anunci\u00f3 inversiones en salud p\u00fablica, recorri\u00f3 obras y opin\u00f3 sobre el esc\u00e1ndalo del gobierno nacional"},"content":{"rendered":"<p style=\"text-align: center;\"><em><strong>Durante la ma\u00f1ana de este mi\u00e9rcoles, el gobernador de Entre R\u00edos recorri\u00f3 distintos sectores de Concordia. En declaraciones a la prensa local se refiri\u00f3 al esc\u00e1ndalo del gobierno nacional<\/strong><\/em><\/p>\n<p>&nbsp;<\/p>\n<p>&nbsp;<\/p>\n<p>El gobernador de la provincia destac\u00f3 que sus actividades en Concordia -que hab\u00edan arrancado el martes con la ministra Pettovello- se retomaron este mi\u00e9rcoles, para anunciar desde Salto Grande &#8220;una inversi\u00f3n de m\u00e1s de 3.000 millones de pesos para la salud p\u00fablica provincial\u201d.<\/p>\n<p>Al respecto, se\u00f1al\u00f3 que, en un trabajo conjunto entre el gobierno entrerriano y la Delegaci\u00f3n Argentina de Salto Grande, se adquirieron \u201c31 sillones odontol\u00f3gicos de primera generaci\u00f3n, 50 computadoras para trabajar en las historias cl\u00ednicas digitales de los centros de salud y cerca de 300.000 unidades de medicamentos para los distintos efectores de la provincia\u201d.<\/p>\n<p>Sobre la actividad desplegada con la ministra de Desarrollo Humano, dijo que se pudo concretar \u201cun proyecto de Naci\u00f3n que es muy importante y muy \u00fatil para los vecinos, llamado \u201cVer para Ser Libres\u201d, que incluye la presencia de un cami\u00f3n oftalmol\u00f3gico \u201cque va recorriendo las distintas ciudades de la provincia entreg\u00e1ndole anteojos a los ni\u00f1os y a las ni\u00f1as que lo necesitan\u201d.<\/p>\n<p>Como as\u00ed tambi\u00e9n, repasar el funcionamiento \u201cde este programa de vouchers\u201d, con el caso de Concordia como primera prueba, \u201cpara que estas familias beneficiadas puedan darles a sus hijos la posibilidad de ir a un club, a una entidad educativa o a una escuela de ballet\u201d. Iniciativa que, seg\u00fan el gobernador, \u201cesperemos que funcione bien y que sea replicado despu\u00e9s en otros lugares de la provincia y del pa\u00eds\u201d.<\/p>\n<p>&nbsp;<\/p>\n<p><strong>Esc\u00e1ndalo nacional y elecciones<\/strong><\/p>\n<p>En ese marco, el titular del Poder Ejecutivo tambi\u00e9n fue consultado sobre la alianza acordada con La Libertad Avanza en Entre R\u00edos y si los recientes esc\u00e1ndalos que salpican al gobierno nacional podr\u00edan impactar a nivel local. Al respecto, Frigerio explic\u00f3 que \u201chicimos un acuerdo electoral junto con otras provincias y esperamos tener \u00e9xito en dejar atr\u00e1s una parte de nuestra historia, que yo creo que la gran mayor\u00eda de los argentinos quieren dejar atr\u00e1s. Ojal\u00e1 esta elecci\u00f3n sea un punto de inflexi\u00f3n en ese sentido\u201d, comenz\u00f3 apuntando.<\/p>\n<p>En cuanto al esc\u00e1ndalo en la Agencia de Discapacidad por presuntas coimas, Frigerio dijo: \u201ccelebro que la justicia est\u00e9 actuando r\u00e1pidamente y, ante una denuncia, lo aclare y defina si hay responsables. Creo que con mucha prudencia hay que esperar que esto se pueda dilucidar\u201d.<\/p>\n<p>A ello agreg\u00f3 que, en lo personal, \u201cyo soy muy prudente en estas cuestiones, porque que estas denuncias se den en el marco de una campa\u00f1a electoral que ya arranc\u00f3, por lo menos llama la atenci\u00f3n. Lamentablemente, estas cosas suceden en la Argentina&#8221;. Seg\u00fan apunt\u00f3, &#8220;en la campa\u00f1a hay ruidos y despu\u00e9s, cuando la justicia determina que no hay responsables, se van aquietando a medida que la campa\u00f1a electoral queda atr\u00e1s\u201d.<\/p>\n<p>&nbsp;<\/p>\n<p><strong>Nuevo cr\u00e9dito y deuda<\/strong><\/p>\n<p>Por otro lado, el gobernador se refiri\u00f3 al proyecto que se trata en la legislatura, buscando la aprobaci\u00f3n para la toma de un cr\u00e9dito por 500 millones de d\u00f3lares. Iniciativa que se est\u00e1 discutiendo en la C\u00e1mara de Diputados y que ya tuvo su aprobaci\u00f3n en la c\u00e1mara de Senadores. Sobre esto \u00faltimo, Frigerio agradeci\u00f3 \u201cque una parte significativa de la oposici\u00f3n nos haya acompa\u00f1ado\u201d.<\/p>\n<p>Seg\u00fan sus palabras, resulta \u201cmuy importante que se pueda dejar de lado la campa\u00f1a, cuando uno debate temas de pol\u00edticas de Estado, como la posibilidad de que la provincia pueda estirar los plazos del pago de una deuda que obviamente nosotros heredamos y no contrajimos&#8221;. Remarcando que &#8220;esto es simplemente para ordenar lo que heredamos\u201d.<\/p>\n<p>Al respecto, se\u00f1al\u00f3 que a trav\u00e9s de esto se busca \u201clograr un poco m\u00e1s de holgura fiscal para destinar esos recursos a inversiones en salud, infraestructura, rutas, caminos, escuelas y hospitales\u201d en los que \u201cdesde hace d\u00e9cadas no se interviene\u201d.<\/p>\n<p>&nbsp;<\/p>\n<p><strong>Apoyo de la oposici\u00f3n<\/strong><\/p>\n<p>Por otro lado, Frigerio destac\u00f3 que \u201cesto es simplemente una autorizaci\u00f3n para ir al mercado. Es solo un instrumento que, en su momento, el oficialismo en la gesti\u00f3n anterior tambi\u00e9n nos pidi\u00f3\u201d.<\/p>\n<p>En aquel entonces, record\u00f3 que \u201cme pidieron a m\u00ed personalmente que intervenga y yo le ped\u00ed a los diputados y senadores de mi espacio pol\u00edtico que lo acompa\u00f1aran, porque entend\u00eda que era una pol\u00edtica de Estado y una necesidad\u201d.<\/p>\n<p>No obstante, subray\u00f3 que \u201cahora se ve que algunos utilizan esto electoralmente y lamento que sea as\u00ed. Pero tambi\u00e9n celebro que una parte significativa de la oposici\u00f3n haya entendido que esto es importante para los entrerrianos y no para un partido pol\u00edtico, para un dirigente o un funcionario. Creo que eso habla de la madurez de una parte de la oposici\u00f3n\u201d.<\/p>\n<p>&nbsp;<\/p>\n<p><strong>Aeropuerto<\/strong><\/p>\n<p>Finalmente, Frigerio brind\u00f3 m\u00e1s detalles sobre la puesta en marcha del Aeropuerto de Concordia y asegur\u00f3 que \u201cla obra se va a terminar, porque nosotros asumimos ese compromiso\u201d.<\/p>\n<p>Seg\u00fan sus palabras, los trabajos \u201cse van a terminar en las pr\u00f3ximas semanas y vamos a poder inaugurar una obra muy importante para todos los vecinos de la regi\u00f3n\u201d.<\/p>\n<p>Adem\u00e1s, anticip\u00f3 que \u201cestamos trabajando para que ya haya una l\u00ednea a\u00e9rea que pueda hacer el tramo de Buenos Aires hasta ac\u00e1. As\u00ed que van a ser noticias muy importantes\u201d.<\/p>\n","protected":false},"excerpt":{"rendered":"<p>Durante la ma\u00f1ana de este mi\u00e9rcoles, el gobernador de Entre R\u00edos recorri\u00f3 distintos sectores de Concordia. En declaraciones a la prensa local se refiri\u00f3 al esc\u00e1ndalo del gobierno nacional &nbsp; &nbsp; El gobernador de la provincia destac\u00f3 que sus actividades en Concordia -que hab\u00edan arrancado el martes con la ministra Pettovello- se retomaron este mi\u00e9rcoles, para anunciar desde Salto Grande &#8220;una inversi\u00f3n de m\u00e1s de 3.000 millones de pesos para la salud p\u00fablica provincial\u201d. Al respecto, se\u00f1al\u00f3 que, en un trabajo conjunto entre el gobierno entrerriano y la Delegaci\u00f3n Argentina&#8230;<\/p>\n","protected":false},"author":3,"featured_media":132018,"comment_status":"closed","ping_status":"closed","sticky":false,"template":"","format":"standard","meta":[],"categories":[9],"tags":[],"_links":{"self":[{"href":"https:\/\/www.actualidadadiario.com\/index.php\/wp-json\/wp\/v2\/posts\/132017"}],"collection":[{"href":"https:\/\/www.actualidadadiario.com\/index.php\/wp-json\/wp\/v2\/posts"}],"about":[{"href":"https:\/\/www.actualidadadiario.com\/index.php\/wp-json\/wp\/v2\/types\/post"}],"author":[{"embeddable":true,"href":"https:\/\/www.actualidadadiario.com\/index.php\/wp-json\/wp\/v2\/users\/3"}],"replies":[{"embeddable":true,"href":"https:\/\/www.actualidadadiario.com\/index.php\/wp-json\/wp\/v2\/comments?post=132017"}],"version-history":[{"count":2,"href":"https:\/\/www.actualidadadiario.com\/index.php\/wp-json\/wp\/v2\/posts\/132017\/revisions"}],"predecessor-version":[{"id":132020,"href":"https:\/\/www.actualidadadiario.com\/index.php\/wp-json\/wp\/v2\/posts\/132017\/revisions\/132020"}],"wp:featuredmedia":[{"embeddable":true,"href":"https:\/\/www.actualidadadiario.com\/index.php\/wp-json\/wp\/v2\/media\/132018"}],"wp:attachment":[{"href":"https:\/\/www.actualidadadiario.com\/index.php\/wp-json\/wp\/v2\/media?parent=132017"}],"wp:term":[{"taxonomy":"category","embeddable":true,"href":"https:\/\/www.actualidadadiario.com\/index.php\/wp-json\/wp\/v2\/categories?post=132017"},{"taxonomy":"post_tag","embeddable":true,"href":"https:\/\/www.actualidadadiario.com\/index.php\/wp-json\/wp\/v2\/tags?post=132017"}],"curies":[{"name":"wp","href":"https:\/\/api.w.org\/{rel}","templated":true}]}}