{"id":132008,"date":"2025-08-27T10:59:08","date_gmt":"2025-08-27T13:59:08","guid":{"rendered":"https:\/\/www.actualidadadiario.com\/?p=132008"},"modified":"2025-08-27T10:59:08","modified_gmt":"2025-08-27T13:59:08","slug":"tras-la-reforma-constitucional-en-santa-fe-el-catolicismo-ya-no-sera-la-religion-oficial","status":"publish","type":"post","link":"https:\/\/www.actualidadadiario.com\/index.php\/2025\/08\/27\/tras-la-reforma-constitucional-en-santa-fe-el-catolicismo-ya-no-sera-la-religion-oficial\/","title":{"rendered":"Tras la reforma constitucional en Santa Fe, el catolicismo ya no ser\u00e1 la religi\u00f3n oficial"},"content":{"rendered":"<p style=\"text-align: center;\"><em><strong>El art\u00edculo 3 de la Constituci\u00f3n actual establece que la religi\u00f3n de la provincia es &#8220;cat\u00f3lica, apost\u00f3lica y romana&#8221;. Sin embargo, la actual Convenci\u00f3n no establecer\u00e1 ninguna religi\u00f3n oficial<\/strong><\/em><\/p>\n<p>&nbsp;<\/p>\n<p>&nbsp;<\/p>\n<p>La reforma del art\u00edculo 3 de la Constituci\u00f3n provincial, que establece la relaci\u00f3n de privilegio con la religi\u00f3n cat\u00f3lica, apost\u00f3lica y romana, obtuvo el dictamen de mayor\u00eda de la Comisi\u00f3n de Declaraciones, Derechos y Garant\u00edas. As\u00ed, Santa Fe avanza hacia un Estado laico.<\/p>\n<p>Este dictamen firmado por el bloque oficialista de Unidos y el Frente de la Esperanza sostiene que la provincia de Santa Fe no tiene ninguna religi\u00f3n oficial y asegura la distinci\u00f3n entre el Estado y la religi\u00f3n, es decir entre el orden civil y el religioso.<\/p>\n<p>Sin embargo, s\u00ed reconoce la relaci\u00f3n entre el Estado y todas las iglesias y cultos \u201clegalmente reconocidos\u201d y establece pautas para esa relaci\u00f3n que debe regirse por los principios de \u201cautonom\u00eda, igualdad, no discriminaci\u00f3n, cooperaci\u00f3n y neutralidad\u201d.<\/p>\n<p>&#8220;Esta redacci\u00f3n nos pone a todos en igualdad de condiciones&#8221;, asegur\u00f3 el pastor evang\u00e9lico y convencional constituyente Walter Ghione sobre el dictamen de mayor\u00eda que promueve la igualdad de culto en la relaci\u00f3n con el Estado. Ghione representa a los sectores evang\u00e9licos que est\u00e1n aliados al gobernador Maximiliano Pullaro y es uno de los principales impulsores de la modificaci\u00f3n del art\u00edculo 3 de la Carta Magna. El sector de Ghione controla dos \u00e1reas del Estado provincial como fruto de la alianza con el mandatario provincial: el Aprecod (la Agencia de Prevenci\u00f3n de Consumo de Drogas) y las c\u00e1rceles juveniles.<\/p>\n<p>Desde el portal Evang\u00e9lico Digital escribieron: &#8220;La inclusi\u00f3n de este nuevo principio en la Constituci\u00f3n santafesina representa no s\u00f3lo un avance en t\u00e9rminos jur\u00eddicos, sino tambi\u00e9n una conquista simb\u00f3lica para miles de fieles que durante d\u00e9cadas han reclamado visibilidad y trato igualitario dentro del marco institucional&#8221;<\/p>\n<p>&nbsp;<\/p>\n<p><strong>\u00bfQu\u00e9 dice el art\u00edculo 3 de la Constituci\u00f3n de Santa Fe?<\/strong><\/p>\n<p>De acuerdo al tercer art\u00edculo de la m\u00e1xima ley provincial, Santa Fe es cat\u00f3lica, apost\u00f3lica y romana. La norma indica que el Estado debe garantizarle a esta religi\u00f3n &#8220;su protecci\u00f3n m\u00e1s decidida&#8221;, sin perjuicio de la libertad de los habitantes que tienen otras creencias.<\/p>\n<p>Seg\u00fan explic\u00f3 Ghione, el dictamen de mayor\u00eda pretende &#8220;ir hacia una igualdad&#8221; entre distintos cultos. A continuaci\u00f3n, remarc\u00f3: &#8220;Ac\u00e1 no estamos excluyendo a nadie. Al contrario, estamos incluyendo en algo muy importante como la fe de los santafesinos&#8221;.<\/p>\n<p>Por otro lado, el pastor record\u00f3 que &#8220;ya no hay m\u00e1s sostenimiento econ\u00f3mico&#8221; de ninguna actividad religiosa por parte del Estado en Argentina, ya que eso es &#8220;totalmente discriminatorio&#8221;. Al mismo tiempo, aclar\u00f3 que la modificaci\u00f3n propuesta en la Convenci\u00f3n Reformadora no afectar\u00e1 el funcionamiento de las escuelas confesionales de la Iglesia Cat\u00f3lica. &#8220;Este art\u00edculo no deja rota para nada esa posibilidad&#8221;, asever\u00f3.<\/p>\n<p>Finalmente, el diputado consider\u00f3 que la provincia debe realizar una labor articulada con todos los cultos en materia social y educativa. Sobre este punto, subray\u00f3: &#8220;Estamos hablando de una cooperaci\u00f3n en condiciones de igualdad&#8221;.<\/p>\n<p>&nbsp;<\/p>\n<p><strong>\u00bfQu\u00e9 opina la Iglesia Cat\u00f3lica de Santa Fe?<\/strong><\/p>\n<p>La postura de uno de los principales referentes de la comunidad evang\u00e9lica en Rosario tiene un punto de contacto con el pronunciamiento de la Iglesia Cat\u00f3lica mucho antes del inicio de la convenci\u00f3n. &#8220;La provincia no es, ni puede ser, de ninguna manera cat\u00f3lica&#8221;, manifest\u00f3 el arzobispo de la ciudad capital, Sergio Fenoy, y el obispo auxiliar, Mat\u00edas Vecino, en un documento publicado en diciembre.<\/p>\n<p>Los sacerdotes plantearon la necesidad de una reforma secular, una posici\u00f3n intermedia entre la confesionalidad y el laicismo. El objetivo principal desde entonces fue promover el reconocimiento de la instituci\u00f3n religiosa &#8220;dentro de la pluralidad, sin privilegios&#8221;.<\/p>\n<p>De acuerdo al dictamen de mayor\u00eda firmado este mi\u00e9rcoles, el oficialismo y sus aliados apuntan a sancionar una Constituci\u00f3n que asegure la distinci\u00f3n respecto del orden civil. Asimismo, el proyecto se refiere a los &#8220;principios de autonom\u00eda, igualdad, no discriminaci\u00f3n, cooperaci\u00f3n y neutralidad&#8221;.<\/p>\n","protected":false},"excerpt":{"rendered":"<p>El art\u00edculo 3 de la Constituci\u00f3n actual establece que la religi\u00f3n de la provincia es &#8220;cat\u00f3lica, apost\u00f3lica y romana&#8221;. Sin embargo, la actual Convenci\u00f3n no establecer\u00e1 ninguna religi\u00f3n oficial &nbsp; &nbsp; La reforma del art\u00edculo 3 de la Constituci\u00f3n provincial, que establece la relaci\u00f3n de privilegio con la religi\u00f3n cat\u00f3lica, apost\u00f3lica y romana, obtuvo el dictamen de mayor\u00eda de la Comisi\u00f3n de Declaraciones, Derechos y Garant\u00edas. As\u00ed, Santa Fe avanza hacia un Estado laico. Este dictamen firmado por el bloque oficialista de Unidos y el Frente de la Esperanza sostiene&#8230;<\/p>\n","protected":false},"author":3,"featured_media":132009,"comment_status":"closed","ping_status":"closed","sticky":false,"template":"","format":"standard","meta":[],"categories":[2],"tags":[],"_links":{"self":[{"href":"https:\/\/www.actualidadadiario.com\/index.php\/wp-json\/wp\/v2\/posts\/132008"}],"collection":[{"href":"https:\/\/www.actualidadadiario.com\/index.php\/wp-json\/wp\/v2\/posts"}],"about":[{"href":"https:\/\/www.actualidadadiario.com\/index.php\/wp-json\/wp\/v2\/types\/post"}],"author":[{"embeddable":true,"href":"https:\/\/www.actualidadadiario.com\/index.php\/wp-json\/wp\/v2\/users\/3"}],"replies":[{"embeddable":true,"href":"https:\/\/www.actualidadadiario.com\/index.php\/wp-json\/wp\/v2\/comments?post=132008"}],"version-history":[{"count":1,"href":"https:\/\/www.actualidadadiario.com\/index.php\/wp-json\/wp\/v2\/posts\/132008\/revisions"}],"predecessor-version":[{"id":132010,"href":"https:\/\/www.actualidadadiario.com\/index.php\/wp-json\/wp\/v2\/posts\/132008\/revisions\/132010"}],"wp:featuredmedia":[{"embeddable":true,"href":"https:\/\/www.actualidadadiario.com\/index.php\/wp-json\/wp\/v2\/media\/132009"}],"wp:attachment":[{"href":"https:\/\/www.actualidadadiario.com\/index.php\/wp-json\/wp\/v2\/media?parent=132008"}],"wp:term":[{"taxonomy":"category","embeddable":true,"href":"https:\/\/www.actualidadadiario.com\/index.php\/wp-json\/wp\/v2\/categories?post=132008"},{"taxonomy":"post_tag","embeddable":true,"href":"https:\/\/www.actualidadadiario.com\/index.php\/wp-json\/wp\/v2\/tags?post=132008"}],"curies":[{"name":"wp","href":"https:\/\/api.w.org\/{rel}","templated":true}]}}