{"id":132006,"date":"2025-08-27T10:57:39","date_gmt":"2025-08-27T13:57:39","guid":{"rendered":"https:\/\/www.actualidadadiario.com\/?p=132006"},"modified":"2025-08-27T10:57:39","modified_gmt":"2025-08-27T13:57:39","slug":"fallo-judicial-pone-freno-al-despido-de-casi-300-trabajadores-del-inta","status":"publish","type":"post","link":"https:\/\/www.actualidadadiario.com\/index.php\/2025\/08\/27\/fallo-judicial-pone-freno-al-despido-de-casi-300-trabajadores-del-inta\/","title":{"rendered":"Fallo judicial pone freno al despido de casi 300 trabajadores del INTA"},"content":{"rendered":"<p style=\"text-align: center;\"><em><strong>Un fallo del Juzgado Federal de San Mart\u00edn orden\u00f3 al Poder Ejecutivo abstenerse de aplicar los art\u00edculos del Decreto 462\/2025 que habilitaban traslados, cesant\u00edas y supresi\u00f3n de estructuras en el organismo<\/strong><\/em><\/p>\n<p>&nbsp;<\/p>\n<p>&nbsp;<\/p>\n<p>El Juzgado Federal en lo Civil, Comercial y Contencioso Administrativo N\u00b02 de San Mart\u00edn resolvi\u00f3 \u201chacer lugar parcialmente a la medida cautelar de no innovar solicitada por APINTA y ATE\u201d, ordenando al Poder Ejecutivo Nacional que \u201cse abstenga de ejecutar cualquier acto administrativo que derive de la aplicaci\u00f3n del decreto 462\/2025, arts. 59 a 69, incluyendo reubicaciones, traslados, cesant\u00edas, suspensiones, pases a disponibilidad de personal o supresi\u00f3n de estructuras vinculadas al INTA\u201d.<\/p>\n<p>La decisi\u00f3n, firmada por la jueza Martina Isabel Forns, tendr\u00e1 una vigencia inicial de seis meses y preserva el statu quo del organismo mientras se tramita el amparo sindical presentado por la Asociaci\u00f3n del Personal del INTA (APINTA) y la Asociaci\u00f3n Trabajadores del Estado (ATE).<\/p>\n<p>El fallo se conoci\u00f3 apenas unos d\u00edas despu\u00e9s de que el Ministerio de Econom\u00eda, mediante la Resoluci\u00f3n 1240\/2025 publicada en el Bolet\u00edn Oficial, dispusiera el pase a disponibilidad de 343 trabajadores de organismos p\u00fablicos, de los cuales 287 pertenecen al INTA. El recorte tambi\u00e9n alcanz\u00f3 al Instituto Nacional de Semillas (INASE) y al Instituto Nacional de Vitivinicultura (INV).<\/p>\n<p>&nbsp;<\/p>\n<p><strong>Un freno judicial en medio del conflicto laboral<\/strong><\/p>\n<p>La medida cautelar representa un alivio para los trabajadores del organismo, que en las \u00faltimas semanas hab\u00edan realizado movilizaciones y protestas en distintos puntos del pa\u00eds. La decisi\u00f3n judicial suspende los efectos del decreto 462\/2025 en lo que refiere al INTA, uno de los institutos m\u00e1s relevantes en el desarrollo cient\u00edfico y productivo del sector agropecuario.<\/p>\n<p>En su resoluci\u00f3n, el tribunal remarc\u00f3 que el INTA es \u201cun ente aut\u00e1rquico con personalidad jur\u00eddica propia, creado en 1956\u201d, y que sus trabajadores cuentan con estabilidad garantizada en la Constituci\u00f3n Nacional y en convenios colectivos espec\u00edficos.<\/p>\n<p>En ese marco, la jueza Forns consider\u00f3 que el decreto cuestionado vulnera derechos adquiridos e implica \u201cuna afectaci\u00f3n grave a la estabilidad laboral y sindical\u201d, lo que justific\u00f3 la decisi\u00f3n de dictar una medida de protecci\u00f3n preventiva.<\/p>\n<p>&nbsp;<\/p>\n<p><strong>Reacciones y pr\u00f3ximos pasos<\/strong><\/p>\n<p>Desde APINTA y ATE celebraron la resoluci\u00f3n, aunque advirtieron que se trata de un primer paso en la disputa legal. Los gremios sostienen que el decreto y la resoluci\u00f3n ministerial forman parte de \u201cun ajuste estructural que busca desmantelar al INTA\u201d, dejando sin sustento a \u00e1reas clave de investigaci\u00f3n y extensi\u00f3n tecnol\u00f3gica.<\/p>\n<p>En tanto, fuentes del Poder Ejecutivo se\u00f1alaron que evaluar\u00e1n apelar la medida, aunque reconocieron que el fallo obliga a mantener congeladas las reestructuraciones y cesant\u00edas en el organismo durante al menos seis meses.<\/p>\n<p>El organismo, que cuenta con m\u00e1s de 7.000 empleados en todo el pa\u00eds y una red de centros regionales y experimentales, qued\u00f3 en el centro de la controversia por el alcance del decreto. El fallo judicial frena temporalmente esa avanzada, pero no resuelve de fondo la discusi\u00f3n sobre el futuro del INTA en la estructura estatal.<\/p>\n","protected":false},"excerpt":{"rendered":"<p>Un fallo del Juzgado Federal de San Mart\u00edn orden\u00f3 al Poder Ejecutivo abstenerse de aplicar los art\u00edculos del Decreto 462\/2025 que habilitaban traslados, cesant\u00edas y supresi\u00f3n de estructuras en el organismo &nbsp; &nbsp; El Juzgado Federal en lo Civil, Comercial y Contencioso Administrativo N\u00b02 de San Mart\u00edn resolvi\u00f3 \u201chacer lugar parcialmente a la medida cautelar de no innovar solicitada por APINTA y ATE\u201d, ordenando al Poder Ejecutivo Nacional que \u201cse abstenga de ejecutar cualquier acto administrativo que derive de la aplicaci\u00f3n del decreto 462\/2025, arts. 59 a 69, incluyendo reubicaciones,&#8230;<\/p>\n","protected":false},"author":3,"featured_media":130664,"comment_status":"closed","ping_status":"closed","sticky":false,"template":"","format":"standard","meta":[],"categories":[2],"tags":[],"_links":{"self":[{"href":"https:\/\/www.actualidadadiario.com\/index.php\/wp-json\/wp\/v2\/posts\/132006"}],"collection":[{"href":"https:\/\/www.actualidadadiario.com\/index.php\/wp-json\/wp\/v2\/posts"}],"about":[{"href":"https:\/\/www.actualidadadiario.com\/index.php\/wp-json\/wp\/v2\/types\/post"}],"author":[{"embeddable":true,"href":"https:\/\/www.actualidadadiario.com\/index.php\/wp-json\/wp\/v2\/users\/3"}],"replies":[{"embeddable":true,"href":"https:\/\/www.actualidadadiario.com\/index.php\/wp-json\/wp\/v2\/comments?post=132006"}],"version-history":[{"count":1,"href":"https:\/\/www.actualidadadiario.com\/index.php\/wp-json\/wp\/v2\/posts\/132006\/revisions"}],"predecessor-version":[{"id":132007,"href":"https:\/\/www.actualidadadiario.com\/index.php\/wp-json\/wp\/v2\/posts\/132006\/revisions\/132007"}],"wp:featuredmedia":[{"embeddable":true,"href":"https:\/\/www.actualidadadiario.com\/index.php\/wp-json\/wp\/v2\/media\/130664"}],"wp:attachment":[{"href":"https:\/\/www.actualidadadiario.com\/index.php\/wp-json\/wp\/v2\/media?parent=132006"}],"wp:term":[{"taxonomy":"category","embeddable":true,"href":"https:\/\/www.actualidadadiario.com\/index.php\/wp-json\/wp\/v2\/categories?post=132006"},{"taxonomy":"post_tag","embeddable":true,"href":"https:\/\/www.actualidadadiario.com\/index.php\/wp-json\/wp\/v2\/tags?post=132006"}],"curies":[{"name":"wp","href":"https:\/\/api.w.org\/{rel}","templated":true}]}}