{"id":132004,"date":"2025-08-27T10:56:44","date_gmt":"2025-08-27T13:56:44","guid":{"rendered":"https:\/\/www.actualidadadiario.com\/?p=132004"},"modified":"2025-08-27T10:56:44","modified_gmt":"2025-08-27T13:56:44","slug":"el-turismo-interno-se-desplomo-16-en-julio","status":"publish","type":"post","link":"https:\/\/www.actualidadadiario.com\/index.php\/2025\/08\/27\/el-turismo-interno-se-desplomo-16-en-julio\/","title":{"rendered":"El turismo interno se desplom\u00f3 16% en julio"},"content":{"rendered":"<p style=\"text-align: center;\"><em><strong>La crisis de la actividad a nivel local provoca la p\u00e9rdida de 10 empleos por d\u00eda s\u00f3lo en el sector hoteler\u00eda. La balanza tur\u00edstica, con nuevo saldo en negativo<\/strong><\/em><\/p>\n<p>&nbsp;<\/p>\n<p>&nbsp;<\/p>\n<p>La balanza del sector tur\u00edstico contin\u00faa descalibrada como consecuencia del tipo de cambio que impulsa los viajes a destinos internacionales: en julio, el turismo emisivo alcanz\u00f3 una suba del 26,5 por ciento interanual, aument\u00f3 a 843.100 la cantidad de turistas y marc\u00f3 una suma r\u00e9cord desde 2017. Por el contrario, el n\u00famero total de turistas que ingresaron a la Argentina fueron 427.200, lo que represent\u00f3 una ca\u00edda del 16 por ciento con respecto al mismo mes del 2024. Se trata de la cuarta cifra m\u00e1s baja desde que se mide la actividad, solo superada durante la pandemia de coronavirus donde el turismo estaba entre los rubros m\u00e1s limitados para funcionar.<\/p>\n<p>De esta manera, los d\u00f3lares que Argentina necesita para sostener la econom\u00eda, se escapan en el turismo hacia otras latitudes, por decisi\u00f3n de la gesti\u00f3n libertaria, cuya pol\u00edtica econ\u00f3mica favorece la compra de pasajes y paquetes al exterior.<\/p>\n<p>Los datos que se desprenden del reporte publicado este martes por el Indec afirman que el s\u00e9ptimo mes del a\u00f1o registr\u00f3 un saldo negativo de 854.500 de visitantes internacionales por todas las v\u00edas de acceso, como consecuencia de los 415.900 turistas y 438.700 excursionistas, ambos con saldos negativos.<\/p>\n<p>En plena temporada alta de invierno, la ocupaci\u00f3n promedio no super\u00f3 el 50 por ciento y, s\u00f3lo en hoteler\u00eda, se pierden 10 empleos diarios por d\u00eda, de acuerdo a un informe reciente de la Asociaci\u00f3n de Hoteles de Turismo (AHT).<\/p>\n<p>Las salidas al exterior, de acuerdo al organismo oficial de estad\u00edsticas, incluyeron a 1.558.500 visitantes residentes por todas las v\u00edas en funcionamiento para viajes fuera del pa\u00eds. Del total, 843.100 fueron turistas y 715.400 fueron excursionistas.<\/p>\n<p>Dentro de los principales lugares elegidos por los argentinos se siguen ubicando como favoritos Brasil (23 por ciento), Chile (18,1 por ciento) y Paraguay (15 por ciento). Para quienes tienen ingresos que les permiten viajar, se trata de opciones cercanas que posibilitan estad\u00edas cortas y compras de indumentaria y electr\u00f3nica a precios m\u00e1s econ\u00f3micos que los que se consiguen localmente. Sin embargo en el destino que los argentinos gastaron m\u00e1s d\u00f3lares fue en Estados Unidos y Canad\u00e1.<\/p>\n<p>El reporte da cuenta de la crisis del turismo interno que recibe cada vez menos turistas porque resulta caro en moneda extranjera. El 76,3 por ciento del turismo receptivo provino de los pa\u00edses lim\u00edtrofes: los m\u00e1s importantes fueron Brasil (32,3 por ciento) y Uruguay (21,3 por ciento). Pero la alarma se dispara porque tambi\u00e9n es desde los pa\u00edses lim\u00edtrofes la mayor merma.<\/p>\n<p>Del total de los turistas no residentes, el Indec sostiene que el 48,7 por ciento lleg\u00f3 al pa\u00eds a trav\u00e9s de la v\u00eda a\u00e9rea, el 38,7 por ciento a trav\u00e9s de v\u00eda terrestre y el 12,5 por ciento a trav\u00e9s de v\u00eda fluvial\/mar\u00edtima.<\/p>\n<p>Por \u00faltimo, los visitantes no residentes realizaron 726.700 viajes y los visitantes residentes un total de 1.558.500 miles de viajes.<\/p>\n","protected":false},"excerpt":{"rendered":"<p>La crisis de la actividad a nivel local provoca la p\u00e9rdida de 10 empleos por d\u00eda s\u00f3lo en el sector hoteler\u00eda. La balanza tur\u00edstica, con nuevo saldo en negativo &nbsp; &nbsp; La balanza del sector tur\u00edstico contin\u00faa descalibrada como consecuencia del tipo de cambio que impulsa los viajes a destinos internacionales: en julio, el turismo emisivo alcanz\u00f3 una suba del 26,5 por ciento interanual, aument\u00f3 a 843.100 la cantidad de turistas y marc\u00f3 una suma r\u00e9cord desde 2017. Por el contrario, el n\u00famero total de turistas que ingresaron a la&#8230;<\/p>\n","protected":false},"author":3,"featured_media":126465,"comment_status":"closed","ping_status":"closed","sticky":false,"template":"","format":"standard","meta":[],"categories":[2],"tags":[],"_links":{"self":[{"href":"https:\/\/www.actualidadadiario.com\/index.php\/wp-json\/wp\/v2\/posts\/132004"}],"collection":[{"href":"https:\/\/www.actualidadadiario.com\/index.php\/wp-json\/wp\/v2\/posts"}],"about":[{"href":"https:\/\/www.actualidadadiario.com\/index.php\/wp-json\/wp\/v2\/types\/post"}],"author":[{"embeddable":true,"href":"https:\/\/www.actualidadadiario.com\/index.php\/wp-json\/wp\/v2\/users\/3"}],"replies":[{"embeddable":true,"href":"https:\/\/www.actualidadadiario.com\/index.php\/wp-json\/wp\/v2\/comments?post=132004"}],"version-history":[{"count":1,"href":"https:\/\/www.actualidadadiario.com\/index.php\/wp-json\/wp\/v2\/posts\/132004\/revisions"}],"predecessor-version":[{"id":132005,"href":"https:\/\/www.actualidadadiario.com\/index.php\/wp-json\/wp\/v2\/posts\/132004\/revisions\/132005"}],"wp:featuredmedia":[{"embeddable":true,"href":"https:\/\/www.actualidadadiario.com\/index.php\/wp-json\/wp\/v2\/media\/126465"}],"wp:attachment":[{"href":"https:\/\/www.actualidadadiario.com\/index.php\/wp-json\/wp\/v2\/media?parent=132004"}],"wp:term":[{"taxonomy":"category","embeddable":true,"href":"https:\/\/www.actualidadadiario.com\/index.php\/wp-json\/wp\/v2\/categories?post=132004"},{"taxonomy":"post_tag","embeddable":true,"href":"https:\/\/www.actualidadadiario.com\/index.php\/wp-json\/wp\/v2\/tags?post=132004"}],"curies":[{"name":"wp","href":"https:\/\/api.w.org\/{rel}","templated":true}]}}