{"id":132001,"date":"2025-08-27T10:56:03","date_gmt":"2025-08-27T13:56:03","guid":{"rendered":"https:\/\/www.actualidadadiario.com\/?p=132001"},"modified":"2025-08-27T10:56:03","modified_gmt":"2025-08-27T13:56:03","slug":"por-primera-vez-en-52-anos-la-tv-publica-no-transmitira-el-mundial","status":"publish","type":"post","link":"https:\/\/www.actualidadadiario.com\/index.php\/2025\/08\/27\/por-primera-vez-en-52-anos-la-tv-publica-no-transmitira-el-mundial\/","title":{"rendered":"Por primera vez en 52 a\u00f1os, la TV P\u00fablica no transmitir\u00e1 el Mundial"},"content":{"rendered":"<p style=\"text-align: center;\"><em><strong>Si bien tienen tiempo hasta diciembre de revertir la decisi\u00f3n, desde la Casa Rosada afirmaron en las \u00faltimas horas que desistir\u00e1n de pasar los partidos de la Selecci\u00f3n por aire. Dijeron que es por una raz\u00f3n econ\u00f3mica: \u201cNo vamos a gastar siete millones de d\u00f3lares en f\u00fatbol\u201d<\/strong><\/em><\/p>\n<p>&nbsp;<\/p>\n<p>&nbsp;<\/p>\n<p>En medio de la investigaci\u00f3n por los audios de las coimas en la Andis, el d\u00f3lar subiendo, el Congreso apretando y las casi cien muertes por fentanilo, el Gobierno avanz\u00f3 con otro tema antipopular, bastante alejado de la casta: la TV P\u00fablica no transmitir\u00e1 el Mundial 2026, por primera vez desde 1974.<\/p>\n<p>La decisi\u00f3n marca un quiebre hist\u00f3rico: en los \u00faltimos 52 a\u00f1os el canal estatal transmiti\u00f3, de manera total o parcial, cada edici\u00f3n del certamen. La \u00faltima vez que la TV P\u00fablica no tuvo participaci\u00f3n fue en M\u00e9xico 1970, cuando las im\u00e1genes llegaron a trav\u00e9s de un medio privado.<\/p>\n<p>Seg\u00fan lo expresado desde la Casa Rosada, lo referido al Mundial 2026 de Canad\u00e1, Estados Unidos y M\u00e9xico, se trata de una determinaci\u00f3n econ\u00f3mica. \u201cNo vamos a gastar siete millones de d\u00f3lares en f\u00fatbol\u201d, se\u00f1alaron fuentes del Ejecutivo, en alusi\u00f3n al costo de adquisici\u00f3n de los derechos de transmisi\u00f3n.<\/p>\n<p>Aunque existe plazo hasta diciembre para reconsiderar, todo indica que (al menos por ahora, excepto que la opini\u00f3n p\u00fablica haga torcer la decisi\u00f3n) la determinaci\u00f3n est\u00e1 tomada.<\/p>\n<p>Pero ni siquiera econ\u00f3micamente se puede explicar la decisi\u00f3n: en la \u00faltima edici\u00f3n de Qatar 2022, la inversi\u00f3n hab\u00eda sido de m\u00e1s de U$S 10 millones, aunque se recuper\u00f3 con ingresos publicitarios cercanos a los U$S 12 millones.<\/p>\n<p>La tendencia ya ven\u00eda con antecedentes cercanos: en septiembre de 2024, la emisora estatal no transmiti\u00f3 el partido de Eliminatorias entre Argentina y Chile al no llegar a un acuerdo con TyC y Telefe.<\/p>\n<p>Desde Alemania 1974, la Televisi\u00f3n P\u00fablica transmiti\u00f3 de manera total o parcial cada Copa del Mundo. En 1998, por cuestiones de licencias, solo algunas provincias recibieron la se\u00f1al. Y en Qatar 2022, el canal estatal comparti\u00f3 la pantalla con canales privados.<\/p>\n<p>Con la decisi\u00f3n actual difundida por la Casa Rosada, se rompe una tradici\u00f3n de m\u00e1s de medio siglo que garantizaba acceso gratuito al mayor espect\u00e1culo deportivo del planeta. Y, en este caso, con la selecci\u00f3n nacional que jugar\u00e1 siendo campeona del mundo.<\/p>\n","protected":false},"excerpt":{"rendered":"<p>Si bien tienen tiempo hasta diciembre de revertir la decisi\u00f3n, desde la Casa Rosada afirmaron en las \u00faltimas horas que desistir\u00e1n de pasar los partidos de la Selecci\u00f3n por aire. Dijeron que es por una raz\u00f3n econ\u00f3mica: \u201cNo vamos a gastar siete millones de d\u00f3lares en f\u00fatbol\u201d &nbsp; &nbsp; En medio de la investigaci\u00f3n por los audios de las coimas en la Andis, el d\u00f3lar subiendo, el Congreso apretando y las casi cien muertes por fentanilo, el Gobierno avanz\u00f3 con otro tema antipopular, bastante alejado de la casta: la TV&#8230;<\/p>\n","protected":false},"author":3,"featured_media":132002,"comment_status":"closed","ping_status":"closed","sticky":false,"template":"","format":"standard","meta":[],"categories":[9],"tags":[],"_links":{"self":[{"href":"https:\/\/www.actualidadadiario.com\/index.php\/wp-json\/wp\/v2\/posts\/132001"}],"collection":[{"href":"https:\/\/www.actualidadadiario.com\/index.php\/wp-json\/wp\/v2\/posts"}],"about":[{"href":"https:\/\/www.actualidadadiario.com\/index.php\/wp-json\/wp\/v2\/types\/post"}],"author":[{"embeddable":true,"href":"https:\/\/www.actualidadadiario.com\/index.php\/wp-json\/wp\/v2\/users\/3"}],"replies":[{"embeddable":true,"href":"https:\/\/www.actualidadadiario.com\/index.php\/wp-json\/wp\/v2\/comments?post=132001"}],"version-history":[{"count":1,"href":"https:\/\/www.actualidadadiario.com\/index.php\/wp-json\/wp\/v2\/posts\/132001\/revisions"}],"predecessor-version":[{"id":132003,"href":"https:\/\/www.actualidadadiario.com\/index.php\/wp-json\/wp\/v2\/posts\/132001\/revisions\/132003"}],"wp:featuredmedia":[{"embeddable":true,"href":"https:\/\/www.actualidadadiario.com\/index.php\/wp-json\/wp\/v2\/media\/132002"}],"wp:attachment":[{"href":"https:\/\/www.actualidadadiario.com\/index.php\/wp-json\/wp\/v2\/media?parent=132001"}],"wp:term":[{"taxonomy":"category","embeddable":true,"href":"https:\/\/www.actualidadadiario.com\/index.php\/wp-json\/wp\/v2\/categories?post=132001"},{"taxonomy":"post_tag","embeddable":true,"href":"https:\/\/www.actualidadadiario.com\/index.php\/wp-json\/wp\/v2\/tags?post=132001"}],"curies":[{"name":"wp","href":"https:\/\/api.w.org\/{rel}","templated":true}]}}