{"id":131999,"date":"2025-08-27T10:54:45","date_gmt":"2025-08-27T13:54:45","guid":{"rendered":"https:\/\/www.actualidadadiario.com\/?p=131999"},"modified":"2025-08-27T10:54:45","modified_gmt":"2025-08-27T13:54:45","slug":"avanza-la-motosierra-en-el-sector-productivo","status":"publish","type":"post","link":"https:\/\/www.actualidadadiario.com\/index.php\/2025\/08\/27\/avanza-la-motosierra-en-el-sector-productivo\/","title":{"rendered":"Avanza la motosierra en el sector productivo"},"content":{"rendered":"<p style=\"text-align: center;\"><em><strong>Los datos oficiales indican que desde noviembre de 2023 la destrucci\u00f3n de pymes y f\u00e1bricas fue mayor que durante la crisis del coronavirus. Se destruyeron 223.537 empleos registrados<\/strong><\/em><\/p>\n<p>&nbsp;<\/p>\n<p>&nbsp;<\/p>\n<p>Seg\u00fan el an\u00e1lisis que se desprende de los datos difundidos por el Gobierno, desde la asunci\u00f3n de Javier Milei cerraron m\u00e1s empresas que durante la pandemia, cuando la crisis sanitaria por el coronavirus mantuvo en jaque al planeta entero. En s\u00f3lo 18 meses de gesti\u00f3n destruyeron 223.537 empleos registrados y empujaron a que 15.564 pymes bajaran las persianas.<\/p>\n<p>&nbsp;<\/p>\n<p><strong>Con la pandemia, cerraron 15.398<\/strong><\/p>\n<p>El tejido productivo nacional se desangra entre pol\u00edticas econ\u00f3micas de desaliento al sector industrial, como la apertura importadora, la inflaci\u00f3n en d\u00f3lares que eleva los costos por encima de las posibilidades, las tasas de inter\u00e9s altas y con volatilidad extrema, el desplome del consumo y la incertidumbre sobre el desenlace de la administraci\u00f3n libertaria en el Ejecutivo.<\/p>\n<p>&nbsp;<\/p>\n<p><strong>Un reporte de la consultora Vectorial sintetiz\u00f3 la evoluci\u00f3n de la crisis en tres etapas:<\/strong><\/p>\n<p>*Presidencia de Mauricio Macri: 23.632 empresas menos, 240.000 empleos registrados menos.<\/p>\n<p>*Pandemia: 15.398 empresas menos, 155.000 puestos de trabajo formales menos.<\/p>\n<p>*En lo que va de la presidencia de Javier Milei: 15.564 empresas menos, 223.537 empleos registrados menos.<\/p>\n<p>\u201cLa contracci\u00f3n equivale a una ca\u00edda del 2,27 por ciento en el universo de asalariados formales, que pas\u00f3 de 9.857.173 a 9.633.636\u201d en los pocos meses de Milei al mando, explic\u00f3 el Centro de Econom\u00eda Pol\u00edtica Argentina (CEPA).<\/p>\n<p>Como indican las cifras oficiales publicadas por la Superintendencia de Riesgos del Trabajo (SRT), en la que se basan los an\u00e1lisis, la cantidad de empleadores con personal formal entre noviembre de 2023 y mayo de este a\u00f1o pas\u00f3 de 512.357 a 496.793: el 99,7 por ciento corresponde a peque\u00f1as y medianas empresas de hasta 500 empleados, mientras que 49 compa\u00f1\u00edas grandes tambi\u00e9n tuvieron que abandonar sus aspiraciones como fabricantes en el pa\u00eds.<\/p>\n<p>Los n\u00fameros tr\u00e1gicos, sin embargo, abarcan apenas lo ocurrido hasta el quinto mes de 2025. Falta todav\u00eda incluir lo sucedido luego de la \u00faltima devaluaci\u00f3n en julio, la suba abismal de tasas en los \u00faltimos meses que hacen pr\u00e1cticamente imposible el acceso al cr\u00e9dito, otra vez los nuevos movimientos del d\u00f3lar en agosto y las repercusiones en los mercados de las denuncias de corrupci\u00f3n que acechan al c\u00edrculo m\u00e1s \u00edntimo del Presidente.<\/p>\n<p>&nbsp;<\/p>\n<p><strong>La reducci\u00f3n de puestos de trabajo hasta mayo afect\u00f3 centralmente a:<\/strong><\/p>\n<p>*Administraci\u00f3n p\u00fablica, defensa y seguridad social: -98.600 empleos.<\/p>\n<p>*Construcci\u00f3n: -80.873 empleos.<\/p>\n<p>*Transporte y almacenamiento: -54.935 empleos.<\/p>\n<p>*Industria manufacturera: -39.016 empleos.<\/p>\n<p>Los sectores vinculados a la primarizaci\u00f3n de la econom\u00eda, en cambio, mostraron ampliaci\u00f3n de personal: Pesca (+10 por ciento), Agricultura y Ganader\u00eda (+3,3 por ciento) y Comercio (+2,2 por ciento)<\/p>\n<p>A las estad\u00edsticas se le agregan otros indicadores que marcan el ascenso de la precarizaci\u00f3n: crece la cantidad de personas que tienen m\u00e1s de un empleo porque el sueldo no les alcanza, aumenta el n\u00famero de monotributistas y cuentapropistas y contin\u00faan planchadas las paritarias.<\/p>\n<p>Hasta mayo de 2025 \u201c2.149.906 personas tienen al monotributo como su modalidad ocupacional principal. En el \u00faltimo mes, se registraron 15.338 puestos nuevos bajo esta modalidad. As\u00ed, desde noviembre 2023, se incorporaron al r\u00e9gimen 88.604 personas, lejos de compensar la p\u00e9rdida de asalariados privados (112.144)\u201d, calcul\u00f3 el CEPA, que en su informe se pregunt\u00f3 \u00bfQui\u00e9n va a contratar bajo la modalidad asalariada pudiendo contratar monotributistas?. Esto a ra\u00edz de la aprobaci\u00f3n de la Ley Bases, que habilita una reforma laboral, donde esta forma de contrataci\u00f3n informal podr\u00eda terminar siendo la regla.<\/p>\n","protected":false},"excerpt":{"rendered":"<p>Los datos oficiales indican que desde noviembre de 2023 la destrucci\u00f3n de pymes y f\u00e1bricas fue mayor que durante la crisis del coronavirus. Se destruyeron 223.537 empleos registrados &nbsp; &nbsp; Seg\u00fan el an\u00e1lisis que se desprende de los datos difundidos por el Gobierno, desde la asunci\u00f3n de Javier Milei cerraron m\u00e1s empresas que durante la pandemia, cuando la crisis sanitaria por el coronavirus mantuvo en jaque al planeta entero. En s\u00f3lo 18 meses de gesti\u00f3n destruyeron 223.537 empleos registrados y empujaron a que 15.564 pymes bajaran las persianas. &nbsp; Con&#8230;<\/p>\n","protected":false},"author":3,"featured_media":45960,"comment_status":"closed","ping_status":"closed","sticky":false,"template":"","format":"standard","meta":[],"categories":[9],"tags":[],"_links":{"self":[{"href":"https:\/\/www.actualidadadiario.com\/index.php\/wp-json\/wp\/v2\/posts\/131999"}],"collection":[{"href":"https:\/\/www.actualidadadiario.com\/index.php\/wp-json\/wp\/v2\/posts"}],"about":[{"href":"https:\/\/www.actualidadadiario.com\/index.php\/wp-json\/wp\/v2\/types\/post"}],"author":[{"embeddable":true,"href":"https:\/\/www.actualidadadiario.com\/index.php\/wp-json\/wp\/v2\/users\/3"}],"replies":[{"embeddable":true,"href":"https:\/\/www.actualidadadiario.com\/index.php\/wp-json\/wp\/v2\/comments?post=131999"}],"version-history":[{"count":1,"href":"https:\/\/www.actualidadadiario.com\/index.php\/wp-json\/wp\/v2\/posts\/131999\/revisions"}],"predecessor-version":[{"id":132000,"href":"https:\/\/www.actualidadadiario.com\/index.php\/wp-json\/wp\/v2\/posts\/131999\/revisions\/132000"}],"wp:featuredmedia":[{"embeddable":true,"href":"https:\/\/www.actualidadadiario.com\/index.php\/wp-json\/wp\/v2\/media\/45960"}],"wp:attachment":[{"href":"https:\/\/www.actualidadadiario.com\/index.php\/wp-json\/wp\/v2\/media?parent=131999"}],"wp:term":[{"taxonomy":"category","embeddable":true,"href":"https:\/\/www.actualidadadiario.com\/index.php\/wp-json\/wp\/v2\/categories?post=131999"},{"taxonomy":"post_tag","embeddable":true,"href":"https:\/\/www.actualidadadiario.com\/index.php\/wp-json\/wp\/v2\/tags?post=131999"}],"curies":[{"name":"wp","href":"https:\/\/api.w.org\/{rel}","templated":true}]}}