{"id":131997,"date":"2025-08-27T10:29:33","date_gmt":"2025-08-27T13:29:33","guid":{"rendered":"https:\/\/www.actualidadadiario.com\/?p=131997"},"modified":"2025-08-27T10:29:33","modified_gmt":"2025-08-27T13:29:33","slug":"aeropuerto-de-concordia-en-septiembre-comenzarian-los-primeros-vuelos-comerciales","status":"publish","type":"post","link":"https:\/\/www.actualidadadiario.com\/index.php\/2025\/08\/27\/aeropuerto-de-concordia-en-septiembre-comenzarian-los-primeros-vuelos-comerciales\/","title":{"rendered":"Aeropuerto de Concordia: en septiembre comenzar\u00edan los primeros vuelos comerciales"},"content":{"rendered":"<p style=\"text-align: center;\"><em><strong>Ser\u00e1n de dos frecuencias semanales a Buenos Aires. Las autoridades destacan el valor estrat\u00e9gico de esta obra para el desarrollo tur\u00edstico, econ\u00f3mico y social de la regi\u00f3n. El proyecto cuenta con el apoyo del gobierno provincial<\/strong><\/em><\/p>\n<p>&nbsp;<\/p>\n<p>&nbsp;<\/p>\n<p>Con el objetivo de mejorar la conectividad a\u00e9rea de la regi\u00f3n, el aeropuerto de Concordia se prepara para recibir sus primeros vuelos comerciales regulares. As\u00ed lo confirm\u00f3 Jorge Satto, secretario de Turismo de Entre R\u00edos, quien expres\u00f3 su entusiasmo por esta nueva etapa para el desarrollo tur\u00edstico y productivo de la provincia.<\/p>\n<p>Satto explic\u00f3 que se espera &#8220;que lo de Concordia sea un punto de partida, ya que la obra civil del Aeropuerto ya est\u00e1 terminada, es maravillosa pero ahora hay que darle vida y es una tarea muy dif\u00edcil&#8221;. La infraestructura aeroportuaria ha sido completamente renovada, pero resta la etapa m\u00e1s desafiante: convertirla en un nodo activo de transporte a\u00e9reo.<\/p>\n<p>El funcionario provincial fue consultado durante una jornada dedicada al termalismo, y aprovech\u00f3 la oportunidad para remarcar que se trata de una obra estrat\u00e9gica no s\u00f3lo para el turismo, sino para m\u00faltiples sectores de la comunidad.<\/p>\n<p>&nbsp;<\/p>\n<p><strong>Septiembre: el mes esperado para el despegue<\/strong><\/p>\n<p>Por su parte, Federico Schatenhoffer, responsable del Ente Administrador del Aeropuerto de Concordia, brind\u00f3 detalles sobre los pr\u00f3ximos pasos en el cronograma de habilitaciones. Seg\u00fan explic\u00f3, \u201cdesde el lanzamiento de la propuesta de la empresa Humming Airways, quedamos con un plan de trabajo para poder iniciar los vuelos\u201d.<\/p>\n<p>\u201cVenimos en esos planes\u201d, agreg\u00f3, y se\u00f1al\u00f3 que se prev\u00e9 que \u201cpara la segunda quincena de septiembre o la primera de octubre, haya novedades y podamos iniciar esos vuelos\u201d.<\/p>\n<p>Actualmente, desde el Ente Administrador \u201cestamos haciendo todos los tr\u00e1mites para conseguir las habilitaciones y cumplir con los requisitos de la Administraci\u00f3n Nacional de Aviaci\u00f3n Civil (ANAC)\u201d, mientras que \u201cla unidad ejecutora, como constructora de la obra, trabaja en la infraestructura y est\u00e1 terminando de corregir cuestiones t\u00e9cnicas\u201d.<\/p>\n<p>&nbsp;<\/p>\n<p><strong>Dos vuelos semanales con destino a Buenos Aires<\/strong><\/p>\n<p>La aerol\u00ednea Humming Airways ser\u00e1 la encargada de operar estos vuelos inaugurales. La conectividad a\u00e9rea dar\u00e1 su primer paso con dos frecuencias semanales hacia Buenos Aires. As\u00ed lo confirm\u00f3 Satto, al afirmar que &#8220;ser\u00e1 para empezar a ver qu\u00e9 flujo hay y seguramente esto va a despertar el inter\u00e9s de algunas otras firmas&#8221;.<\/p>\n<p>Subray\u00f3 adem\u00e1s que \u201cse trabaj\u00f3 mucho en potenciar todo lo que es esta conectividad porque esto no est\u00e1 s\u00f3lo vinculado al turismo, sino que tambi\u00e9n es transporte, productividad, familiares y amigos, salud, comercio; son muchos los factores que integran la posibilidad de movimiento de un aeropuerto&#8221;.<\/p>\n","protected":false},"excerpt":{"rendered":"<p>Ser\u00e1n de dos frecuencias semanales a Buenos Aires. Las autoridades destacan el valor estrat\u00e9gico de esta obra para el desarrollo tur\u00edstico, econ\u00f3mico y social de la regi\u00f3n. El proyecto cuenta con el apoyo del gobierno provincial &nbsp; &nbsp; Con el objetivo de mejorar la conectividad a\u00e9rea de la regi\u00f3n, el aeropuerto de Concordia se prepara para recibir sus primeros vuelos comerciales regulares. As\u00ed lo confirm\u00f3 Jorge Satto, secretario de Turismo de Entre R\u00edos, quien expres\u00f3 su entusiasmo por esta nueva etapa para el desarrollo tur\u00edstico y productivo de la provincia&#8230;.<\/p>\n","protected":false},"author":3,"featured_media":131026,"comment_status":"closed","ping_status":"closed","sticky":false,"template":"","format":"standard","meta":[],"categories":[15],"tags":[],"_links":{"self":[{"href":"https:\/\/www.actualidadadiario.com\/index.php\/wp-json\/wp\/v2\/posts\/131997"}],"collection":[{"href":"https:\/\/www.actualidadadiario.com\/index.php\/wp-json\/wp\/v2\/posts"}],"about":[{"href":"https:\/\/www.actualidadadiario.com\/index.php\/wp-json\/wp\/v2\/types\/post"}],"author":[{"embeddable":true,"href":"https:\/\/www.actualidadadiario.com\/index.php\/wp-json\/wp\/v2\/users\/3"}],"replies":[{"embeddable":true,"href":"https:\/\/www.actualidadadiario.com\/index.php\/wp-json\/wp\/v2\/comments?post=131997"}],"version-history":[{"count":1,"href":"https:\/\/www.actualidadadiario.com\/index.php\/wp-json\/wp\/v2\/posts\/131997\/revisions"}],"predecessor-version":[{"id":131998,"href":"https:\/\/www.actualidadadiario.com\/index.php\/wp-json\/wp\/v2\/posts\/131997\/revisions\/131998"}],"wp:featuredmedia":[{"embeddable":true,"href":"https:\/\/www.actualidadadiario.com\/index.php\/wp-json\/wp\/v2\/media\/131026"}],"wp:attachment":[{"href":"https:\/\/www.actualidadadiario.com\/index.php\/wp-json\/wp\/v2\/media?parent=131997"}],"wp:term":[{"taxonomy":"category","embeddable":true,"href":"https:\/\/www.actualidadadiario.com\/index.php\/wp-json\/wp\/v2\/categories?post=131997"},{"taxonomy":"post_tag","embeddable":true,"href":"https:\/\/www.actualidadadiario.com\/index.php\/wp-json\/wp\/v2\/tags?post=131997"}],"curies":[{"name":"wp","href":"https:\/\/api.w.org\/{rel}","templated":true}]}}