{"id":131994,"date":"2025-08-27T10:25:49","date_gmt":"2025-08-27T13:25:49","guid":{"rendered":"https:\/\/www.actualidadadiario.com\/?p=131994"},"modified":"2025-08-27T10:25:49","modified_gmt":"2025-08-27T13:25:49","slug":"la-lista-de-bahl-y-michel-exhibe-el-respaldo-de-importantes-dirigentes-nacionales-del-peronismo","status":"publish","type":"post","link":"https:\/\/www.actualidadadiario.com\/index.php\/2025\/08\/27\/la-lista-de-bahl-y-michel-exhibe-el-respaldo-de-importantes-dirigentes-nacionales-del-peronismo\/","title":{"rendered":"La lista de Bahl y Michel exhibe el respaldo de importantes dirigentes nacionales del peronismo"},"content":{"rendered":"<p style=\"text-align: center;\"><em><strong>Los candidatos a legisladores nacionales de Fuerza Entre R\u00edos, Ad\u00e1n Bahl, Guillermo Michel, Marianela Marclay y Fabiana Leiva, se reunieron con la senadora nacional Juliana Di Tullio, el jefe del bloque de diputados nacionales de Uni\u00f3n por la Patria, Germ\u00e1n Mart\u00ednez, y la senadora provincial y candidata a diputada nacional, Teresa Garc\u00eda<\/strong><\/em><\/p>\n<p>&nbsp;<\/p>\n<p>&nbsp;<\/p>\n<p>Los encuentros fueron promovidos por la diputada Blanca Osuna con el objeto de articular futuras agendas de trabajo en el Congreso Nacional.<\/p>\n<p>Michel valor\u00f3 el \u201capoyo a Fuerza Entre R\u00edos de todos los sectores del peronismo del Congreso Nacional\u201d y se\u00f1al\u00f3: \u201cNo hay dudas de que la propuesta electoral que se est\u00e1 llevando adelante incluye a toda la ciudadan\u00eda: al trabajador, al jubilado, al docente, al industrial, al comerciante y a todos aquellos que la est\u00e1n pasando mal con este gobierno nacional que encabeza Milei y al que Rogelio Frigerio apoya desde el d\u00eda uno y se lo ve convencido de seguir haci\u00e9ndolo\u201d.<\/p>\n<p>Bahl, por su parte, destac\u00f3 \u201cla posibilidad de intercambiar perspectivas con legisladores nacionales que vienen trabajando intensamente para poner un freno a las pol\u00edticas de ajuste del gobierno nacional, as\u00ed como de acercar temas y propuestas que venimos generando con todos los integrantes de nuestra lista para defender la producci\u00f3n, el trabajo y los intereses de nuestra provincia\u201d.<\/p>\n<p>Finalmente, Marclay destac\u00f3 el di\u00e1logo con los legisladores en la que se abord\u00f3 una agenda parlamentaria \u201cy temas que hoy, como jubilaciones y la emergencia en discapacidad, son urgentes\u201d.<\/p>\n","protected":false},"excerpt":{"rendered":"<p>Los candidatos a legisladores nacionales de Fuerza Entre R\u00edos, Ad\u00e1n Bahl, Guillermo Michel, Marianela Marclay y Fabiana Leiva, se reunieron con la senadora nacional Juliana Di Tullio, el jefe del bloque de diputados nacionales de Uni\u00f3n por la Patria, Germ\u00e1n Mart\u00ednez, y la senadora provincial y candidata a diputada nacional, Teresa Garc\u00eda &nbsp; &nbsp; Los encuentros fueron promovidos por la diputada Blanca Osuna con el objeto de articular futuras agendas de trabajo en el Congreso Nacional. Michel valor\u00f3 el \u201capoyo a Fuerza Entre R\u00edos de todos los sectores del peronismo&#8230;<\/p>\n","protected":false},"author":3,"featured_media":131995,"comment_status":"closed","ping_status":"closed","sticky":false,"template":"","format":"standard","meta":[],"categories":[15],"tags":[],"_links":{"self":[{"href":"https:\/\/www.actualidadadiario.com\/index.php\/wp-json\/wp\/v2\/posts\/131994"}],"collection":[{"href":"https:\/\/www.actualidadadiario.com\/index.php\/wp-json\/wp\/v2\/posts"}],"about":[{"href":"https:\/\/www.actualidadadiario.com\/index.php\/wp-json\/wp\/v2\/types\/post"}],"author":[{"embeddable":true,"href":"https:\/\/www.actualidadadiario.com\/index.php\/wp-json\/wp\/v2\/users\/3"}],"replies":[{"embeddable":true,"href":"https:\/\/www.actualidadadiario.com\/index.php\/wp-json\/wp\/v2\/comments?post=131994"}],"version-history":[{"count":1,"href":"https:\/\/www.actualidadadiario.com\/index.php\/wp-json\/wp\/v2\/posts\/131994\/revisions"}],"predecessor-version":[{"id":131996,"href":"https:\/\/www.actualidadadiario.com\/index.php\/wp-json\/wp\/v2\/posts\/131994\/revisions\/131996"}],"wp:featuredmedia":[{"embeddable":true,"href":"https:\/\/www.actualidadadiario.com\/index.php\/wp-json\/wp\/v2\/media\/131995"}],"wp:attachment":[{"href":"https:\/\/www.actualidadadiario.com\/index.php\/wp-json\/wp\/v2\/media?parent=131994"}],"wp:term":[{"taxonomy":"category","embeddable":true,"href":"https:\/\/www.actualidadadiario.com\/index.php\/wp-json\/wp\/v2\/categories?post=131994"},{"taxonomy":"post_tag","embeddable":true,"href":"https:\/\/www.actualidadadiario.com\/index.php\/wp-json\/wp\/v2\/tags?post=131994"}],"curies":[{"name":"wp","href":"https:\/\/api.w.org\/{rel}","templated":true}]}}