{"id":131984,"date":"2025-08-27T10:21:30","date_gmt":"2025-08-27T13:21:30","guid":{"rendered":"https:\/\/www.actualidadadiario.com\/?p=131984"},"modified":"2025-08-27T10:21:30","modified_gmt":"2025-08-27T13:21:30","slug":"reestructuracion-de-deuda-necesitamos-esta-herramienta-dijo-boleas-en-diputados","status":"publish","type":"post","link":"https:\/\/www.actualidadadiario.com\/index.php\/2025\/08\/27\/reestructuracion-de-deuda-necesitamos-esta-herramienta-dijo-boleas-en-diputados\/","title":{"rendered":"Reestructuraci\u00f3n de deuda: \u201cNecesitamos esta herramienta\u201d, dijo Boleas en Diputados"},"content":{"rendered":"<p style=\"text-align: center;\"><em><strong>El proyecto de ley del Poder Ejecutivo que ingres\u00f3 a Diputados en la sesi\u00f3n especial del lunes comenz\u00f3 a ser analizado en las comisiones de Presupuesto y Legislaci\u00f3n General. Asisti\u00f3 el ministro de Econom\u00eda, Fabi\u00e1n Boleas<\/strong><\/em><\/p>\n<p>&nbsp;<\/p>\n<p>&nbsp;<\/p>\n<p>Luego de que durante la ma\u00f1ana del martes, tomara estado parlamentario el proyecto de Restauraci\u00f3n de la Sostenibilidad de la Deuda P\u00fablica Provincial, la comisi\u00f3n de Hacienda, Presupuesto y Cuentas, presidida por el diputado Bruno Sarubi y la de Legislaci\u00f3n General, encabezada por el diputado Marcelo L\u00f3pez, se reunieron y convocaron al ministro de Hacienda y Finanzas de Entre R\u00edos, Fabi\u00e1n Boleas, qui\u00e9n explic\u00f3 la importancia de la iniciativa y respondi\u00f3 interrogantes de los legisladores.<\/p>\n<p>\u201cSe trata de una norma que ya tiene la aprobaci\u00f3n de los senadores y que es muy beneficiosa para todos los entrerrianos, por eso vinimos a responder todas las dudas o consultas que tengan los legisladores\u201d, afirm\u00f3 el funcionario.<\/p>\n<p>Sobre los alcances del proyecto, el ministro remarc\u00f3: \u201cHoy necesitamos esta herramienta para refinanciar deudas en condiciones m\u00e1s acorde a las posibilidades ciertas que tenemos, en cuanto a los plazos que hoy est\u00e1n fijados y los que ser\u00eda muy positivo flexibilizar. No estamos hablando de nueva deuda, sino de ordenar la existente para que la provincia pueda cumplir en tiempo y forma con sus obligaciones\u201d, subray\u00f3.<\/p>\n<p>&nbsp;<\/p>\n<p><strong>El ministro destac\u00f3 los beneficios de la norma<\/strong><\/p>\n<p>Boleas se\u00f1al\u00f3 que la aplicaci\u00f3n de la ley va a generar mejores condiciones. \u201cB\u00e1sicamente el 80% de los ingresos que hoy tiene la provincia se utilizan en gastos que son muy r\u00edgidos, como es el pago de sueldos, como el pago de las jubilaciones o como pueden ser las transferencias que se hacen de coparticipaci\u00f3n a municipios y comunas, necesitamos contar con esta ley y pensar en otorgarle un mejor destino a los excedentes que surjan ya que se volcar\u00e1n exclusivamente a obra p\u00fablica\u201d, finaliz\u00f3.<\/p>\n<p>&nbsp;<\/p>\n<p><strong>Endeudamiento<\/strong><\/p>\n<p>Por su parte, Sarubi explic\u00f3 que el monto es un techo, no una obligaci\u00f3n. \u201cSe tratar\u00eda de un endeudamiento de 500 millones de d\u00f3lares en el mercado o el equivalente en peso. Lo que se autoriza es hasta ese tope, no significa que eso sea lo que se va a tomar\u201d.<\/p>\n<p>Consultado sobre las cr\u00edticas de que la medida implicar\u00eda hipotecar a la provincia, Sarubi respondi\u00f3: \u201cNo creo que sea as\u00ed. Est\u00e1 claro que los gobiernos anteriores tambi\u00e9n lo hicieron. Incluso hoy la provincia tiene compromisos que asumir, que ya est\u00e1n asumidos y tiene que honrarlos. Este gobierno provincial viene pagando la deuda que la gesti\u00f3n de Gustavo Bordet tom\u00f3 y que pr\u00e1cticamente todo el capital se tiene que pagar en esta gesti\u00f3n\u201d.<\/p>\n<p>Y complet\u00f3: \u201cNo es que se est\u00e1 hipotecando el futuro. Es necesario para darle aire a las finanzas p\u00fablicas que justamente en gobiernos anteriores fueron las que se comprometieron, y hoy la situaci\u00f3n econ\u00f3mica hace que se tenga que salir de nuevo al mercado\u201d.<\/p>\n","protected":false},"excerpt":{"rendered":"<p>El proyecto de ley del Poder Ejecutivo que ingres\u00f3 a Diputados en la sesi\u00f3n especial del lunes comenz\u00f3 a ser analizado en las comisiones de Presupuesto y Legislaci\u00f3n General. Asisti\u00f3 el ministro de Econom\u00eda, Fabi\u00e1n Boleas &nbsp; &nbsp; Luego de que durante la ma\u00f1ana del martes, tomara estado parlamentario el proyecto de Restauraci\u00f3n de la Sostenibilidad de la Deuda P\u00fablica Provincial, la comisi\u00f3n de Hacienda, Presupuesto y Cuentas, presidida por el diputado Bruno Sarubi y la de Legislaci\u00f3n General, encabezada por el diputado Marcelo L\u00f3pez, se reunieron y convocaron al&#8230;<\/p>\n","protected":false},"author":3,"featured_media":131985,"comment_status":"closed","ping_status":"closed","sticky":false,"template":"","format":"standard","meta":[],"categories":[15],"tags":[],"_links":{"self":[{"href":"https:\/\/www.actualidadadiario.com\/index.php\/wp-json\/wp\/v2\/posts\/131984"}],"collection":[{"href":"https:\/\/www.actualidadadiario.com\/index.php\/wp-json\/wp\/v2\/posts"}],"about":[{"href":"https:\/\/www.actualidadadiario.com\/index.php\/wp-json\/wp\/v2\/types\/post"}],"author":[{"embeddable":true,"href":"https:\/\/www.actualidadadiario.com\/index.php\/wp-json\/wp\/v2\/users\/3"}],"replies":[{"embeddable":true,"href":"https:\/\/www.actualidadadiario.com\/index.php\/wp-json\/wp\/v2\/comments?post=131984"}],"version-history":[{"count":1,"href":"https:\/\/www.actualidadadiario.com\/index.php\/wp-json\/wp\/v2\/posts\/131984\/revisions"}],"predecessor-version":[{"id":131986,"href":"https:\/\/www.actualidadadiario.com\/index.php\/wp-json\/wp\/v2\/posts\/131984\/revisions\/131986"}],"wp:featuredmedia":[{"embeddable":true,"href":"https:\/\/www.actualidadadiario.com\/index.php\/wp-json\/wp\/v2\/media\/131985"}],"wp:attachment":[{"href":"https:\/\/www.actualidadadiario.com\/index.php\/wp-json\/wp\/v2\/media?parent=131984"}],"wp:term":[{"taxonomy":"category","embeddable":true,"href":"https:\/\/www.actualidadadiario.com\/index.php\/wp-json\/wp\/v2\/categories?post=131984"},{"taxonomy":"post_tag","embeddable":true,"href":"https:\/\/www.actualidadadiario.com\/index.php\/wp-json\/wp\/v2\/tags?post=131984"}],"curies":[{"name":"wp","href":"https:\/\/api.w.org\/{rel}","templated":true}]}}