{"id":131979,"date":"2025-08-27T10:19:12","date_gmt":"2025-08-27T13:19:12","guid":{"rendered":"https:\/\/www.actualidadadiario.com\/?p=131979"},"modified":"2025-08-27T10:19:12","modified_gmt":"2025-08-27T13:19:12","slug":"asi-es-la-boleta-unica-para-votar-en-las-elecciones-legislativas-del-26-de-octubre","status":"publish","type":"post","link":"https:\/\/www.actualidadadiario.com\/index.php\/2025\/08\/27\/asi-es-la-boleta-unica-para-votar-en-las-elecciones-legislativas-del-26-de-octubre\/","title":{"rendered":"As\u00ed es la boleta \u00fanica para votar en las elecciones legislativas del 26 de octubre"},"content":{"rendered":"<p style=\"text-align: center;\"><em><strong>La papeleta incluir\u00e1 siete columnas y dos filas con las categor\u00edas para Diputados y el Senado. LLA y el PJ, vecinos. Curiosidad ideol\u00f3gica tras el sorteo<\/strong><\/em><\/p>\n<p>&nbsp;<\/p>\n<p>&nbsp;<\/p>\n<p>Luego del sorteo dispuesto por la Justicia Electoral, la Boleta \u00danica que se utilizar\u00e1 en Entre R\u00edos en las elecciones del 26 de octubre qued\u00f3 lista para ser oficializada. La herramienta electoral tendr\u00e1 aqu\u00ed siete fuerzas pol\u00edticas que competir\u00e1n por las tres bancas en el Senado y cinco en Diputados.<\/p>\n<p>El sorteo se realiz\u00f3 en el Juzgado Federal con competencia electoral en Paran\u00e1 y defini\u00f3 el orden de aparici\u00f3n en la boleta.<\/p>\n<p>La primera columna corresponder\u00e1 al Movimiento al Socialismo, que llevar\u00e1 como candidato a senador a Juan Cruz Ross y a Nahuel Leis Pous como primer aspirante a la c\u00e1mara baja. La Libertad Avanza, la fuerza aliada al gobernador Rogelio Frigerio, aparece en la s\u00e9ptima columna, y Fuerza Patria, la lista del peronismo con Ad\u00e1n Bahl y Guillermo Michel, en la sexta.<\/p>\n<p>La provincia pondr\u00e1 en juego tres bancas en el Senado y cinco en la C\u00e1mara de Diputados, actualmente ocupadas por Alfredo De Angeli (PRO); Stela Olalla (UCR); Stefan\u00eda Cora (UXP); Carolina Gaillard (UXP); Tom\u00e1s Ledesma (UXP); Atilio Benedetti (UCR); Marcela Antola (UCR) y Nancy Ballejos (PRO).<\/p>\n<p>&nbsp;<\/p>\n<p><strong>La boleta \u00fanica en Entre R\u00edos<\/strong><\/p>\n<p>Una coincidencia ideol\u00f3gica surgi\u00f3 tras el sorteo en la justicia electoral. Las dos fuerzas de izquierda inaugurar\u00e1n el espacio ocupando la primera y segunda columnas. El MAS y la Nueva Izquierda llevan la foto de Ross y Sof\u00eda C\u00e1ceres Sforza, ambos primeros candidatos al Senado. Van secundados por Cintia Acevedo y Pablo Amarillo. En Diputados, Leis Pous encabeza por el MAS y Nadia Burgos por el MST-NUEVA IZQUIERDA.<\/p>\n<p>En tercero, cuarto y quinto lugar aparecen las tres escisiones del peronismo. En la tercera columna se ubica Uni\u00f3n Popular Federal, con la candidatura de Emilio Mart\u00ednez Garbino para el Senado junto a Mar\u00eda Isabel Sola. En Diputados, aparecen las fotos de Silvio Farach y Gladys Cabrera.<\/p>\n<p>En la cuarta columna figura el espacio que arm\u00f3 Carolina Gaillard y el Frente Grande, Ahora 503. La diputada encabeza la boleta con su foto como candidata al Senado junto a Javier Schnitman. En Diputados, figura la foto de Paola Rubattino junto a Federico Olano.<\/p>\n<p>La quinta columna es para la n\u00f3mina del exsenador H\u00e9ctor Maya, quien compite con el sello del Partido Socialista bajo el nombre de fantas\u00eda Entrerrianos Unidos. Maya aparece junto a Mar\u00eda Fernanda Sanzberro. Para Diputados, figuran Gustavo Guzm\u00e1n y Sof\u00eda Gan.<\/p>\n<p>&nbsp;<\/p>\n<p><strong>La Libertad Avanza y Fuerza Patria cara a cara<\/strong><\/p>\n<p>La sexta columna qued\u00f3 asignada al espacio del Partido Justicialista. La foto de Ad\u00e1n Bahl, primer candidato a senador, aparece junto a la de Adriana Meza Torres. En Diputados, se imprime la imagen de Guillermo Michel y Marianela Marclay.<\/p>\n<p>Al lado de ellos, en la s\u00e9ptima y \u00faltima columna, aparece la propuesta de la Alianza La Libertad Avanza, el armado que Frigerio aprob\u00f3 junto al espacio del presidente Javier Milei. All\u00ed, encabezan las fotos de Joaqu\u00edn Benegas Lynch y Romina Almeida, aspirantes al Senado. En Diputados, los dos primeros nombres son Andr\u00e9s Laumann y Alicia Fregonese.<\/p>\n","protected":false},"excerpt":{"rendered":"<p>La papeleta incluir\u00e1 siete columnas y dos filas con las categor\u00edas para Diputados y el Senado. LLA y el PJ, vecinos. Curiosidad ideol\u00f3gica tras el sorteo &nbsp; &nbsp; Luego del sorteo dispuesto por la Justicia Electoral, la Boleta \u00danica que se utilizar\u00e1 en Entre R\u00edos en las elecciones del 26 de octubre qued\u00f3 lista para ser oficializada. La herramienta electoral tendr\u00e1 aqu\u00ed siete fuerzas pol\u00edticas que competir\u00e1n por las tres bancas en el Senado y cinco en Diputados. El sorteo se realiz\u00f3 en el Juzgado Federal con competencia electoral en&#8230;<\/p>\n","protected":false},"author":3,"featured_media":131980,"comment_status":"closed","ping_status":"closed","sticky":false,"template":"","format":"standard","meta":[],"categories":[15],"tags":[],"_links":{"self":[{"href":"https:\/\/www.actualidadadiario.com\/index.php\/wp-json\/wp\/v2\/posts\/131979"}],"collection":[{"href":"https:\/\/www.actualidadadiario.com\/index.php\/wp-json\/wp\/v2\/posts"}],"about":[{"href":"https:\/\/www.actualidadadiario.com\/index.php\/wp-json\/wp\/v2\/types\/post"}],"author":[{"embeddable":true,"href":"https:\/\/www.actualidadadiario.com\/index.php\/wp-json\/wp\/v2\/users\/3"}],"replies":[{"embeddable":true,"href":"https:\/\/www.actualidadadiario.com\/index.php\/wp-json\/wp\/v2\/comments?post=131979"}],"version-history":[{"count":1,"href":"https:\/\/www.actualidadadiario.com\/index.php\/wp-json\/wp\/v2\/posts\/131979\/revisions"}],"predecessor-version":[{"id":131981,"href":"https:\/\/www.actualidadadiario.com\/index.php\/wp-json\/wp\/v2\/posts\/131979\/revisions\/131981"}],"wp:featuredmedia":[{"embeddable":true,"href":"https:\/\/www.actualidadadiario.com\/index.php\/wp-json\/wp\/v2\/media\/131980"}],"wp:attachment":[{"href":"https:\/\/www.actualidadadiario.com\/index.php\/wp-json\/wp\/v2\/media?parent=131979"}],"wp:term":[{"taxonomy":"category","embeddable":true,"href":"https:\/\/www.actualidadadiario.com\/index.php\/wp-json\/wp\/v2\/categories?post=131979"},{"taxonomy":"post_tag","embeddable":true,"href":"https:\/\/www.actualidadadiario.com\/index.php\/wp-json\/wp\/v2\/tags?post=131979"}],"curies":[{"name":"wp","href":"https:\/\/api.w.org\/{rel}","templated":true}]}}