{"id":131951,"date":"2025-08-26T10:10:42","date_gmt":"2025-08-26T13:10:42","guid":{"rendered":"https:\/\/www.actualidadadiario.com\/?p=131951"},"modified":"2025-08-26T10:10:42","modified_gmt":"2025-08-26T13:10:42","slug":"7-de-cada-10-argentinos-creen-que-la-inflacion-del-indec-no-representa-la-suba-real-del-costo-de-vida","status":"publish","type":"post","link":"https:\/\/www.actualidadadiario.com\/index.php\/2025\/08\/26\/7-de-cada-10-argentinos-creen-que-la-inflacion-del-indec-no-representa-la-suba-real-del-costo-de-vida\/","title":{"rendered":"7 de cada 10 argentinos creen que la inflaci\u00f3n del INDEC no representa la suba real del costo de vida"},"content":{"rendered":"<p style=\"text-align: center;\"><em><strong>Una encuesta de la Consultora Zentrix advirti\u00f3 que el 67,4% considera que los \u00faltimos \u00edndices oficiales del IPC no van en l\u00ednea con los incrementos reales, especialmente en alimentos, transporte y servicios<\/strong><\/em><\/p>\n<p>&nbsp;<\/p>\n<p>&nbsp;<\/p>\n<p>Un informe de la Consultora Zentrix advirti\u00f3 que casi 7 de cada 10 argentinos creen que los datos de la inflaci\u00f3n que da a conocer el Instituto Nacional de Estad\u00edstica y Censos (Indec) no est\u00e1n alineados con lo que ocurre en los bolsillos, ya que la mayor\u00eda marc\u00f3 que el costo de vida permanece al alza.<\/p>\n<p>La encuesta, integrada por 1.029 casos a nivel nacional, expuso que el 67,4% de los argentinos considera que los \u00faltimos \u00edndices de IPC que dio a conocer el Indec no van en l\u00ednea con el incremento real de su costo de vida, por los aumentos en los alimentos, transporte y servicios,. El dato representa un incremento de 10,7 puntos en comparaci\u00f3n con julio en la baja confianza de los informes oficiales.<\/p>\n<p>En tanto, el 40,5% de los encuestados reconoci\u00f3 que su econom\u00eda personal es &#8220;mala o muy mala&#8221;, lo que significa una baja de 2,1 puntos porcentuales con respecto al mes pasado. Adem\u00e1s, el 64% respondi\u00f3 que la situaci\u00f3n nacional es &#8220;mala o muy mala&#8221;, una suba de 11,2 puntos porcentuales sobre julio.<\/p>\n<p>Por otro lado, el 67,8% marc\u00f3 que &#8220;la clase alta&#8221; es el sector social m\u00e1s beneficiado por las pol\u00edticas del Gobierno, mientras que el 14,7% contest\u00f3 &#8220;todos por igual&#8221;, el 7,3% &#8220;la clase baja, el 4,6% &#8220;ninguno&#8221; y el 3% &#8220;la clase media&#8221;.<\/p>\n<p>&nbsp;<\/p>\n<p><strong>Inflaci\u00f3n y consumo<\/strong><\/p>\n<p>Luego de haberse conocido el dato de que la carne vacuna aument\u00f3 un 31,2% y la de pollo un 25% en lo que va de 2025, crece la tendencia de juntarse entre familiares, amigos y conocidos para comprar al por mayor y obtener mejores precios mientras el poder adquisitivo se reduce.<\/p>\n","protected":false},"excerpt":{"rendered":"<p>Una encuesta de la Consultora Zentrix advirti\u00f3 que el 67,4% considera que los \u00faltimos \u00edndices oficiales del IPC no van en l\u00ednea con los incrementos reales, especialmente en alimentos, transporte y servicios &nbsp; &nbsp; Un informe de la Consultora Zentrix advirti\u00f3 que casi 7 de cada 10 argentinos creen que los datos de la inflaci\u00f3n que da a conocer el Instituto Nacional de Estad\u00edstica y Censos (Indec) no est\u00e1n alineados con lo que ocurre en los bolsillos, ya que la mayor\u00eda marc\u00f3 que el costo de vida permanece al alza&#8230;.<\/p>\n","protected":false},"author":3,"featured_media":40762,"comment_status":"closed","ping_status":"closed","sticky":false,"template":"","format":"standard","meta":[],"categories":[9],"tags":[],"_links":{"self":[{"href":"https:\/\/www.actualidadadiario.com\/index.php\/wp-json\/wp\/v2\/posts\/131951"}],"collection":[{"href":"https:\/\/www.actualidadadiario.com\/index.php\/wp-json\/wp\/v2\/posts"}],"about":[{"href":"https:\/\/www.actualidadadiario.com\/index.php\/wp-json\/wp\/v2\/types\/post"}],"author":[{"embeddable":true,"href":"https:\/\/www.actualidadadiario.com\/index.php\/wp-json\/wp\/v2\/users\/3"}],"replies":[{"embeddable":true,"href":"https:\/\/www.actualidadadiario.com\/index.php\/wp-json\/wp\/v2\/comments?post=131951"}],"version-history":[{"count":1,"href":"https:\/\/www.actualidadadiario.com\/index.php\/wp-json\/wp\/v2\/posts\/131951\/revisions"}],"predecessor-version":[{"id":131952,"href":"https:\/\/www.actualidadadiario.com\/index.php\/wp-json\/wp\/v2\/posts\/131951\/revisions\/131952"}],"wp:featuredmedia":[{"embeddable":true,"href":"https:\/\/www.actualidadadiario.com\/index.php\/wp-json\/wp\/v2\/media\/40762"}],"wp:attachment":[{"href":"https:\/\/www.actualidadadiario.com\/index.php\/wp-json\/wp\/v2\/media?parent=131951"}],"wp:term":[{"taxonomy":"category","embeddable":true,"href":"https:\/\/www.actualidadadiario.com\/index.php\/wp-json\/wp\/v2\/categories?post=131951"},{"taxonomy":"post_tag","embeddable":true,"href":"https:\/\/www.actualidadadiario.com\/index.php\/wp-json\/wp\/v2\/tags?post=131951"}],"curies":[{"name":"wp","href":"https:\/\/api.w.org\/{rel}","templated":true}]}}