{"id":131946,"date":"2025-08-26T09:29:23","date_gmt":"2025-08-26T12:29:23","guid":{"rendered":"https:\/\/www.actualidadadiario.com\/?p=131946"},"modified":"2025-08-26T09:29:23","modified_gmt":"2025-08-26T12:29:23","slug":"continuan-los-paros-rotativos-en-las-universidades-entrerrianas","status":"publish","type":"post","link":"https:\/\/www.actualidadadiario.com\/index.php\/2025\/08\/26\/continuan-los-paros-rotativos-en-las-universidades-entrerrianas\/","title":{"rendered":"Contin\u00faan los paros rotativos en las universidades entrerrianas"},"content":{"rendered":"<p style=\"text-align: center;\"><em><strong>Los paros en universidades entrerrianas se concretan esta semana por docentes y no docentes universitarios<\/strong><\/em><\/p>\n<p>&nbsp;<\/p>\n<p>&nbsp;<\/p>\n<p>Se realizan hoy martes 26 y ma\u00f1ana mi\u00e9rcoles 27 de agosto. Los mismos son rotativos semanales de 48 horas, sin concurrencia a los lugares de trabajo fueron resueltos por docentes de AGDU y no docentes de Apuner. El objetivo es visibilizar el conflicto salarial y presupuestario de las universidades nacionales.<\/p>\n<p>&nbsp;<\/p>\n<p><strong>Plenario<\/strong><\/p>\n<p>Tras un Plenario de Secretarios y Secretarias Generales de la Federaci\u00f3n Nacional de Docentes Universitarios (Conadu) que decidi\u00f3 sostener el plan de lucha en las universidades de todo el pa\u00eds, AGDU resolvi\u00f3 realizar paros semanales rotativos de 48 horas, sin concurrencia a los lugares de trabajo, los d\u00edas jueves 21 y viernes 22 de agosto, martes 26 y mi\u00e9rcoles 27 de agosto, y lunes 1 y martes 2 de septiembre.<\/p>\n<p>\u201cEl objetivo es visibilizar el conflicto salarial y presupuestario de las universidades nacionales. Adem\u00e1s, impulsar una Tercera Marcha Federal Universitaria para la tercera semana de septiembre, en fecha a acordar con el conjunto de la comunidad universitaria\u201d, se\u00f1ala la organizaci\u00f3n gremial y apunta que esa movilizaci\u00f3n \u201cser\u00e1 en apoyo a la Ley de Financiamiento Universitario y en rechazo al veto que el gobierno nacional ya anticip\u00f3\u201d.<\/p>\n<p>&nbsp;<\/p>\n<p><strong>Asociaci\u00f3n del Personal de la UNER<\/strong><\/p>\n<p>Por su parte, la Asociaci\u00f3n del Personal de la Universidad Nacional de Entre R\u00edos (Apuner) dispuso \u201cparos rotativos de 48 horas, sin asistencia a los lugares de trabajo, organizados de la siguiente manera: jueves 21 y viernes 22 de agosto; martes 26 y mi\u00e9rcoles 27 de agosto; lunes 1 y martes 2 de septiembre\u201d.<\/p>\n<p>Estas mismas medidas de fuerza se despliegan \u201cen el marco del plan de lucha \u2018Sin salarios dignos no hay Universidad de calidad\u2019\u201d, se inform\u00f3.<\/p>\n<p>\u201cEntendemos que es momento en el que todos los actores del sistema universitario y educativo argentino y la sociedad civil, debemos aunar esfuerzos y trabajos en conjunto para sostener a la Universidad P\u00fablica, Gratuita y de Calidad\u201d, se remarc\u00f3 desde Apuner.<\/p>\n","protected":false},"excerpt":{"rendered":"<p>Los paros en universidades entrerrianas se concretan esta semana por docentes y no docentes universitarios &nbsp; &nbsp; Se realizan hoy martes 26 y ma\u00f1ana mi\u00e9rcoles 27 de agosto. Los mismos son rotativos semanales de 48 horas, sin concurrencia a los lugares de trabajo fueron resueltos por docentes de AGDU y no docentes de Apuner. El objetivo es visibilizar el conflicto salarial y presupuestario de las universidades nacionales. &nbsp; Plenario Tras un Plenario de Secretarios y Secretarias Generales de la Federaci\u00f3n Nacional de Docentes Universitarios (Conadu) que decidi\u00f3 sostener el plan&#8230;<\/p>\n","protected":false},"author":3,"featured_media":125635,"comment_status":"closed","ping_status":"closed","sticky":false,"template":"","format":"standard","meta":[],"categories":[15],"tags":[],"_links":{"self":[{"href":"https:\/\/www.actualidadadiario.com\/index.php\/wp-json\/wp\/v2\/posts\/131946"}],"collection":[{"href":"https:\/\/www.actualidadadiario.com\/index.php\/wp-json\/wp\/v2\/posts"}],"about":[{"href":"https:\/\/www.actualidadadiario.com\/index.php\/wp-json\/wp\/v2\/types\/post"}],"author":[{"embeddable":true,"href":"https:\/\/www.actualidadadiario.com\/index.php\/wp-json\/wp\/v2\/users\/3"}],"replies":[{"embeddable":true,"href":"https:\/\/www.actualidadadiario.com\/index.php\/wp-json\/wp\/v2\/comments?post=131946"}],"version-history":[{"count":1,"href":"https:\/\/www.actualidadadiario.com\/index.php\/wp-json\/wp\/v2\/posts\/131946\/revisions"}],"predecessor-version":[{"id":131947,"href":"https:\/\/www.actualidadadiario.com\/index.php\/wp-json\/wp\/v2\/posts\/131946\/revisions\/131947"}],"wp:featuredmedia":[{"embeddable":true,"href":"https:\/\/www.actualidadadiario.com\/index.php\/wp-json\/wp\/v2\/media\/125635"}],"wp:attachment":[{"href":"https:\/\/www.actualidadadiario.com\/index.php\/wp-json\/wp\/v2\/media?parent=131946"}],"wp:term":[{"taxonomy":"category","embeddable":true,"href":"https:\/\/www.actualidadadiario.com\/index.php\/wp-json\/wp\/v2\/categories?post=131946"},{"taxonomy":"post_tag","embeddable":true,"href":"https:\/\/www.actualidadadiario.com\/index.php\/wp-json\/wp\/v2\/tags?post=131946"}],"curies":[{"name":"wp","href":"https:\/\/api.w.org\/{rel}","templated":true}]}}