{"id":131944,"date":"2025-08-26T09:28:42","date_gmt":"2025-08-26T12:28:42","guid":{"rendered":"https:\/\/www.actualidadadiario.com\/?p=131944"},"modified":"2025-08-26T09:28:42","modified_gmt":"2025-08-26T12:28:42","slug":"confirman-un-sistema-frontal-provocaria-abundantes-lluvias-en-la-provincia","status":"publish","type":"post","link":"https:\/\/www.actualidadadiario.com\/index.php\/2025\/08\/26\/confirman-un-sistema-frontal-provocaria-abundantes-lluvias-en-la-provincia\/","title":{"rendered":"Confirman un sistema frontal provocar\u00eda abundantes lluvias en la provincia"},"content":{"rendered":"<p style=\"text-align: center;\"><em><strong>Los meteorol\u00f3gicos anticipan la llegada de un frente de tormentas para el fin de semana, en coincidencia con el fen\u00f3meno de &#8220;Santa Rosa&#8221;<\/strong><\/em><\/p>\n<p>&nbsp;<\/p>\n<p>&nbsp;<\/p>\n<p>Este s\u00e1bado 30 de agosto el Servicio Meteorol\u00f3gico Nacional -SMN- pronostica un alto porcentaje de lluvias abundantes y tormentas aisladas, que podr\u00edan continuar hasta el domingo. La fecha coincide con la famosa \u201ctormenta de Santa Rosa\u201d, una creencia que data de 400 a\u00f1os atr\u00e1s que relaciona el acontecimiento clim\u00e1tico con la historia de la Santa.<\/p>\n<p>Se trata de un sistema frontal que llegar\u00eda el fin de semana a la provincia. Este fen\u00f3meno provocar\u00e1 inestabilidades en distintas zonas de la provincia, fundamentalmente s\u00e1bado y domingo. A partir del lunes comenzar\u00edan a mejorar las condiciones.<\/p>\n<p>&nbsp;<\/p>\n<p><strong>Por qu\u00e9 se llama \u201ctormenta de Santa Rosa\u201d<\/strong><\/p>\n<p>Seg\u00fan reza la tradici\u00f3n popular, cinco d\u00edas antes o despu\u00e9s del 30 de agosto se espera una tormenta: no una llovizna, sino un aguacero con truenos y rel\u00e1mpagos.<\/p>\n<p>Esta fecha, justamente, es el d\u00eda en el que se conmemora Santa Rosa de Lima, la patrona del Per\u00fa a la que se le atribuyen varios milagros y que fue la primera mujer de Latinoam\u00e9rica en ser santificada por el Vaticano.<\/p>\n<p>La tormenta de Santa Rosa coincide con la llegada a la regi\u00f3n de los primeros aires h\u00famedos de la temporada post invernal. Se trata de la primera lluvia fuerte de fines del invierno, e inicios de la primavera.<\/p>\n<p>Cient\u00edficamente los especialistas explican que es la \u00e9poca en que arranca el flujo de humedad que llega desde el norte. Se trata de un fen\u00f3meno conocido como Corriente de Chorro en Capas Bajas de Sudam\u00e9rica, y consiste en una corriente de vientos que transporta la humedad del Oc\u00e9ano Atl\u00e1ntico hacia el Amazonas, y de all\u00ed hacia el sur, bordeando la cordillera de los Andes.<\/p>\n","protected":false},"excerpt":{"rendered":"<p>Los meteorol\u00f3gicos anticipan la llegada de un frente de tormentas para el fin de semana, en coincidencia con el fen\u00f3meno de &#8220;Santa Rosa&#8221; &nbsp; &nbsp; Este s\u00e1bado 30 de agosto el Servicio Meteorol\u00f3gico Nacional -SMN- pronostica un alto porcentaje de lluvias abundantes y tormentas aisladas, que podr\u00edan continuar hasta el domingo. La fecha coincide con la famosa \u201ctormenta de Santa Rosa\u201d, una creencia que data de 400 a\u00f1os atr\u00e1s que relaciona el acontecimiento clim\u00e1tico con la historia de la Santa. Se trata de un sistema frontal que llegar\u00eda el fin&#8230;<\/p>\n","protected":false},"author":3,"featured_media":72293,"comment_status":"closed","ping_status":"closed","sticky":false,"template":"","format":"standard","meta":[],"categories":[15],"tags":[],"_links":{"self":[{"href":"https:\/\/www.actualidadadiario.com\/index.php\/wp-json\/wp\/v2\/posts\/131944"}],"collection":[{"href":"https:\/\/www.actualidadadiario.com\/index.php\/wp-json\/wp\/v2\/posts"}],"about":[{"href":"https:\/\/www.actualidadadiario.com\/index.php\/wp-json\/wp\/v2\/types\/post"}],"author":[{"embeddable":true,"href":"https:\/\/www.actualidadadiario.com\/index.php\/wp-json\/wp\/v2\/users\/3"}],"replies":[{"embeddable":true,"href":"https:\/\/www.actualidadadiario.com\/index.php\/wp-json\/wp\/v2\/comments?post=131944"}],"version-history":[{"count":1,"href":"https:\/\/www.actualidadadiario.com\/index.php\/wp-json\/wp\/v2\/posts\/131944\/revisions"}],"predecessor-version":[{"id":131945,"href":"https:\/\/www.actualidadadiario.com\/index.php\/wp-json\/wp\/v2\/posts\/131944\/revisions\/131945"}],"wp:featuredmedia":[{"embeddable":true,"href":"https:\/\/www.actualidadadiario.com\/index.php\/wp-json\/wp\/v2\/media\/72293"}],"wp:attachment":[{"href":"https:\/\/www.actualidadadiario.com\/index.php\/wp-json\/wp\/v2\/media?parent=131944"}],"wp:term":[{"taxonomy":"category","embeddable":true,"href":"https:\/\/www.actualidadadiario.com\/index.php\/wp-json\/wp\/v2\/categories?post=131944"},{"taxonomy":"post_tag","embeddable":true,"href":"https:\/\/www.actualidadadiario.com\/index.php\/wp-json\/wp\/v2\/tags?post=131944"}],"curies":[{"name":"wp","href":"https:\/\/api.w.org\/{rel}","templated":true}]}}