{"id":131939,"date":"2025-08-27T09:26:31","date_gmt":"2025-08-27T12:26:31","guid":{"rendered":"https:\/\/www.actualidadadiario.com\/?p=131939"},"modified":"2025-08-27T10:17:10","modified_gmt":"2025-08-27T13:17:10","slug":"la-primera-feria-provincial-del-libro-tendra-autores-destacados-en-el-nivel-nacional","status":"publish","type":"post","link":"https:\/\/www.actualidadadiario.com\/index.php\/2025\/08\/27\/la-primera-feria-provincial-del-libro-tendra-autores-destacados-en-el-nivel-nacional\/","title":{"rendered":"La primera Feria Provincial del Libro tendr\u00e1 autores destacados en el nivel nacional"},"content":{"rendered":"<p style=\"text-align: center;\"><em><strong>Se realizar\u00e1 en el Centro de Convenciones de Concordia, del 4 al 6 de septiembre. Adem\u00e1s de escritores entrerrianos y 60 estands editoriales, participar\u00e1n Mar\u00eda Teresa Andruetto, Carlos Skliar, Guillermo Mart\u00ednez, Marcelo Birmajer, Tute y La Cope. La entrada es libre y gratuita<\/strong><\/em><\/p>\n<p>&nbsp;<\/p>\n<p>&nbsp;<\/p>\n<p>La primera edici\u00f3n de esta feria es organizada por el Gobierno de Entre R\u00edos junto a la Municipalidad de Concordia y las disertaciones de los autores invitados, abiertas y sin inscripci\u00f3n previa, tienen el siguiente detalle.<\/p>\n<ul>\n<li>&#8220;El oficio narrador y el oficio educativo&#8221;, con Carlos Skliar.<\/li>\n<li>&#8220;Cuerpo y escritura&#8221;, con Mar\u00eda Teresa Andruetto.<\/li>\n<li>&#8220;Un encuentro con la literatura y los autores&#8221;, con Guillermo Mart\u00ednez.<\/li>\n<li>&#8220;Las historias que me contaron y las que invento: secretos de un narrador&#8221;, con Marcelo Birmajer.<\/li>\n<li>&#8220;Ensayo para mi muerte&#8221;, presentado por TUTE junto a Pilar Vell\u00f3n.<\/li>\n<li>&#8220;En clave de humor: relatos, libros y redes&#8221;, con La Cope.<\/li>\n<\/ul>\n<p>&nbsp;<\/p>\n<p><strong>Autores entrerrianos y otras actividades<\/strong><\/p>\n<p>Tambi\u00e9n habr\u00e1 espacio para presentaciones de libros y escritores entrerrianos y m\u00e1s de 50 actividades especiales con talleres y programaci\u00f3n para escuelas. Por otro lado, el Bus Literario y la Nave Literaria aportar\u00e1n recorridos por las calles y el r\u00edo, con el objetivo de incentivar la lectura.<\/p>\n<p>&nbsp;<\/p>\n<p><strong>Espect\u00e1culos<\/strong><\/p>\n<p>La Feria Provincial del Libro tendr\u00e1 tambi\u00e9n una nueva edici\u00f3n de la pe\u00f1a en vivo CUAC! (Cultura Activa), con m\u00fasica, humor y la conducci\u00f3n de Lalo Mir. Adem\u00e1s, se sumar\u00e1n los ciclos Programa Doble y Fog\u00f3n Entrerriano, desarrollados por la Secretar\u00eda de Cultura de Entre R\u00edos, con teatro y actuaciones musicales.<\/p>\n","protected":false},"excerpt":{"rendered":"<p>Se realizar\u00e1 en el Centro de Convenciones de Concordia, del 4 al 6 de septiembre. Adem\u00e1s de escritores entrerrianos y 60 estands editoriales, participar\u00e1n Mar\u00eda Teresa Andruetto, Carlos Skliar, Guillermo Mart\u00ednez, Marcelo Birmajer, Tute y La Cope. La entrada es libre y gratuita &nbsp; &nbsp; La primera edici\u00f3n de esta feria es organizada por el Gobierno de Entre R\u00edos junto a la Municipalidad de Concordia y las disertaciones de los autores invitados, abiertas y sin inscripci\u00f3n previa, tienen el siguiente detalle. &#8220;El oficio narrador y el oficio educativo&#8221;, con Carlos&#8230;<\/p>\n","protected":false},"author":3,"featured_media":131940,"comment_status":"closed","ping_status":"closed","sticky":false,"template":"","format":"standard","meta":[],"categories":[15],"tags":[],"_links":{"self":[{"href":"https:\/\/www.actualidadadiario.com\/index.php\/wp-json\/wp\/v2\/posts\/131939"}],"collection":[{"href":"https:\/\/www.actualidadadiario.com\/index.php\/wp-json\/wp\/v2\/posts"}],"about":[{"href":"https:\/\/www.actualidadadiario.com\/index.php\/wp-json\/wp\/v2\/types\/post"}],"author":[{"embeddable":true,"href":"https:\/\/www.actualidadadiario.com\/index.php\/wp-json\/wp\/v2\/users\/3"}],"replies":[{"embeddable":true,"href":"https:\/\/www.actualidadadiario.com\/index.php\/wp-json\/wp\/v2\/comments?post=131939"}],"version-history":[{"count":1,"href":"https:\/\/www.actualidadadiario.com\/index.php\/wp-json\/wp\/v2\/posts\/131939\/revisions"}],"predecessor-version":[{"id":131941,"href":"https:\/\/www.actualidadadiario.com\/index.php\/wp-json\/wp\/v2\/posts\/131939\/revisions\/131941"}],"wp:featuredmedia":[{"embeddable":true,"href":"https:\/\/www.actualidadadiario.com\/index.php\/wp-json\/wp\/v2\/media\/131940"}],"wp:attachment":[{"href":"https:\/\/www.actualidadadiario.com\/index.php\/wp-json\/wp\/v2\/media?parent=131939"}],"wp:term":[{"taxonomy":"category","embeddable":true,"href":"https:\/\/www.actualidadadiario.com\/index.php\/wp-json\/wp\/v2\/categories?post=131939"},{"taxonomy":"post_tag","embeddable":true,"href":"https:\/\/www.actualidadadiario.com\/index.php\/wp-json\/wp\/v2\/tags?post=131939"}],"curies":[{"name":"wp","href":"https:\/\/api.w.org\/{rel}","templated":true}]}}