{"id":131937,"date":"2025-08-26T09:25:10","date_gmt":"2025-08-26T12:25:10","guid":{"rendered":"https:\/\/www.actualidadadiario.com\/?p=131937"},"modified":"2025-08-26T09:25:10","modified_gmt":"2025-08-26T12:25:10","slug":"desde-uruguay-tambien-cuestionaron-las-declaraciones-de-benegas-lynch-sobre-salto-grande","status":"publish","type":"post","link":"https:\/\/www.actualidadadiario.com\/index.php\/2025\/08\/26\/desde-uruguay-tambien-cuestionaron-las-declaraciones-de-benegas-lynch-sobre-salto-grande\/","title":{"rendered":"Desde Uruguay tambi\u00e9n cuestionaron las declaraciones de Benegas Lynch sobre Salto Grande"},"content":{"rendered":"<p style=\"text-align: center;\"><em><strong>Un actual concejal del Frente Amplio y ex funcionarios de la CARU (Comisi\u00f3n Administradora del R\u00edo Uruguay), dijo que \u201cno se puede tirar cualquier cosa al voleo\u201d<\/strong><\/em><\/p>\n<p>&nbsp;<\/p>\n<p>&nbsp;<\/p>\n<p>Las declaraciones de Benegas Lynch sobre la privatizaci\u00f3n de la represa binacional de Salto Grande, no solo generaron rechazo en la margen argentina, sino tambi\u00e9n en la orilla uruguaya. Milesi, edil del oficialista Frente Amplio del vecino Departamento de R\u00edo Negro y con un paso por CARU, tambi\u00e9n reaccion\u00f3 a la propuesta del candidato libertario.<\/p>\n<p>El funcionario uruguayo trajo a colaci\u00f3n que \u201cen el gobierno de Menem, hubo un intento con Salto Grande, ya en aquel entonces, hubo la intenci\u00f3n de privatizarla, despu\u00e9s en el a\u00f1o 97 hubo un intento de regionalizaci\u00f3n de Salto Grande del lado Argentina, donde Entre R\u00edos tendr\u00eda un 70% y Corrientes un 30%, y esos son los antecedentes\u201d.<\/p>\n<p>Mientras tanto, \u201choy, con el gobierno actual (argentino), que se asemeja mucho al gobierno de aquel entonces, vuelve este tema en la agenda\u201d.<\/p>\n<p>De all\u00ed que Milesi aclar\u00f3 qui\u00e9n tiene la potestad en las decisiones en un hipot\u00e9tico caso de privatizaci\u00f3n de la represa de Salto Grande. \u201cEstas son cuestiones de Estado, no son cuestiones de boliche\u201d, ya qu se trata de \u201cun organismo binacional, donde los Estados Partes tienen que estar de acuerdo con las decisiones que se toman, no es una cuesti\u00f3n que uno la maneja como que si fuera un bien propio\u201d, explic\u00f3.<\/p>\n<p>&nbsp;<\/p>\n<p><strong>\u201cTirar al voleo\u201d<\/strong><\/p>\n<p>El funcionario del vecino pa\u00eds cuestion\u00f3 que, \u201ccuando se dicen estas cosas, no s\u00e9 si se subestima la capacidad de la gente, o en realidad se tiran tantas cosas al voleo\u201d. Quiz\u00e1s especulando en si \u201cla gente se detiene a pensarlas, si son posibles o no son posibles\u201d. Para insistir que \u201cSalto Grande es un organismo binacional, hay un convenio firmado en el a\u00f1o 46 y detr\u00e1s de todo est\u00e1n los Estados\u201d.<\/p>\n<p>De all\u00ed que, \u201csi Argentina quisiera hacer algo con Salto Grande, tendr\u00eda que tener el visto bueno del Estado Uruguayo, esto se cae por su propio peso\u201d. Por lo que \u201cme parece que habr\u00eda que ser un poquito m\u00e1s responsables cuando se dicen estas cosas, porque desde el vamos sabemos que pr\u00e1cticamente es imposible que se puedan llevar a cabo\u201d, para insistir en que \u201cno se puede tirar cualquier cosa al voleo\u201d.<\/p>\n<p>Para finalizar, elucubrando con que alg\u00fan d\u00eda Argentina avance en ese sentido, explic\u00f3 que, en la otra orilla, \u201ceste proyecto deber\u00eda pasar por el Parlamento de Uruguay, no lo puede definir ni Presidencia ni la Comisi\u00f3n Binacional\u201d. Apuntando que desde su fuerza pol\u00edtica \u201cdefendemos lo p\u00fablico, estamos convencidos de que el camino es por ah\u00ed, obviamente que hay que hacer el esfuerzo para que lo p\u00fablico sea eficiente, el desaf\u00edo est\u00e1 ah\u00ed, siempre lo p\u00fablico\u201d, finaliz\u00f3 Milessi.<\/p>\n","protected":false},"excerpt":{"rendered":"<p>Un actual concejal del Frente Amplio y ex funcionarios de la CARU (Comisi\u00f3n Administradora del R\u00edo Uruguay), dijo que \u201cno se puede tirar cualquier cosa al voleo\u201d &nbsp; &nbsp; Las declaraciones de Benegas Lynch sobre la privatizaci\u00f3n de la represa binacional de Salto Grande, no solo generaron rechazo en la margen argentina, sino tambi\u00e9n en la orilla uruguaya. Milesi, edil del oficialista Frente Amplio del vecino Departamento de R\u00edo Negro y con un paso por CARU, tambi\u00e9n reaccion\u00f3 a la propuesta del candidato libertario. El funcionario uruguayo trajo a colaci\u00f3n&#8230;<\/p>\n","protected":false},"author":3,"featured_media":83934,"comment_status":"closed","ping_status":"closed","sticky":false,"template":"","format":"standard","meta":[],"categories":[15],"tags":[],"_links":{"self":[{"href":"https:\/\/www.actualidadadiario.com\/index.php\/wp-json\/wp\/v2\/posts\/131937"}],"collection":[{"href":"https:\/\/www.actualidadadiario.com\/index.php\/wp-json\/wp\/v2\/posts"}],"about":[{"href":"https:\/\/www.actualidadadiario.com\/index.php\/wp-json\/wp\/v2\/types\/post"}],"author":[{"embeddable":true,"href":"https:\/\/www.actualidadadiario.com\/index.php\/wp-json\/wp\/v2\/users\/3"}],"replies":[{"embeddable":true,"href":"https:\/\/www.actualidadadiario.com\/index.php\/wp-json\/wp\/v2\/comments?post=131937"}],"version-history":[{"count":1,"href":"https:\/\/www.actualidadadiario.com\/index.php\/wp-json\/wp\/v2\/posts\/131937\/revisions"}],"predecessor-version":[{"id":131938,"href":"https:\/\/www.actualidadadiario.com\/index.php\/wp-json\/wp\/v2\/posts\/131937\/revisions\/131938"}],"wp:featuredmedia":[{"embeddable":true,"href":"https:\/\/www.actualidadadiario.com\/index.php\/wp-json\/wp\/v2\/media\/83934"}],"wp:attachment":[{"href":"https:\/\/www.actualidadadiario.com\/index.php\/wp-json\/wp\/v2\/media?parent=131937"}],"wp:term":[{"taxonomy":"category","embeddable":true,"href":"https:\/\/www.actualidadadiario.com\/index.php\/wp-json\/wp\/v2\/categories?post=131937"},{"taxonomy":"post_tag","embeddable":true,"href":"https:\/\/www.actualidadadiario.com\/index.php\/wp-json\/wp\/v2\/tags?post=131937"}],"curies":[{"name":"wp","href":"https:\/\/api.w.org\/{rel}","templated":true}]}}