{"id":131934,"date":"2025-08-22T12:02:29","date_gmt":"2025-08-22T15:02:29","guid":{"rendered":"https:\/\/www.actualidadadiario.com\/?p=131934"},"modified":"2025-08-22T12:02:29","modified_gmt":"2025-08-22T15:02:29","slug":"milei-cierra-una-semana-complicada-con-un-discurso-en-la-bolsa-de-comercio-de-rosario","status":"publish","type":"post","link":"https:\/\/www.actualidadadiario.com\/index.php\/2025\/08\/22\/milei-cierra-una-semana-complicada-con-un-discurso-en-la-bolsa-de-comercio-de-rosario\/","title":{"rendered":"Milei cierra una semana complicada con un discurso en la Bolsa de Comercio de Rosario"},"content":{"rendered":"<p style=\"text-align: center;\"><em><strong>El Presidente ser\u00e1 el encargado de cerrar el acto central por el 141\u00b0 aniversario de la entidad<\/strong><\/em><\/p>\n<p>&nbsp;<\/p>\n<p>&nbsp;<\/p>\n<p>El presidente Javier Milei se trasladar\u00e1 este viernes a Rosario para participar del acto central por el 141\u00b0 aniversario de la Bolsa de Comercio de Rosario (BCR). Su arribo a la ciudad se da en el marco de un tenso clima pol\u00edtico atravesado por la campa\u00f1a electoral, y tras dos jornadas de reveses parlamentario para el Ejecutivo nacional.<\/p>\n<p>El evento se llevar\u00e1 a cabo a las 18.30 en la hist\u00f3rica sede de la Bolsa, ubicada en Paraguay al 700, y ser\u00e1 transmitido en vivo a trav\u00e9s del canal de YouTube de la instituci\u00f3n.<\/p>\n<p>La celebraci\u00f3n, que comenz\u00f3 a principios de la semana, culminar\u00e1 con la presencia del jefe de Estado, quien compartir\u00e1 escenario con el gobernador Maximiliano Pullaro, el intendente Pablo Javkin y el presidente de la BCR, Miguel Simioni. El ingreso para los asistentes ser\u00e1 a partir de las 17, con cupo limitado debido al arribo del mandatario en helic\u00f3ptero y un operativo de seguridad especial.<\/p>\n<p>Desde la Bolsa, destacaron el car\u00e1cter institucional de la visita. Miguel Simioni agradeci\u00f3 la presencia del presidente y subray\u00f3 que no se trata de un acto proselitista. \u201cRefleja la buena relaci\u00f3n que tenemos con el gobierno nacional. Hemos trabajado mucho en estos a\u00f1os, incluso en temas que no salieron el a\u00f1o pasado y hoy vuelven a estar en agenda\u201d, sostuvo.<\/p>\n<p>La BCR celebra, adem\u00e1s, el reciente anuncio de la baja permanente en las retenciones a las exportaciones agropecuarias, una medida valorada especialmente por el sector.<\/p>\n<p>&nbsp;<\/p>\n<p><strong>Milei apunt\u00f3 al Congreso por los vetos <\/strong><\/p>\n<p>Luego de una jornada signada por un agitado debate en la C\u00e1mara de Diputados y la desvinculaci\u00f3n del director de la Agencia Nacional de Discapacidad (ANDIS), Diego Spagnuolo, a ra\u00edz de escandalosos audios en donde reconoc\u00eda pago de coimas al Gobierno, el presidente Javier Milei y su gabinete se mostraron el jueves en el Hotel Alvear ante empresarios que se congregaron en una nueva edici\u00f3n del Council de las Am\u00e9ricas. All\u00ed, el primer mandatario y su equipo defendieron el modelo econ\u00f3mico y pidieron apoyo, tanto en inversiones como en las urnas.<\/p>\n<p>Javier Milei manifest\u00f3 abiertamente su preocupaci\u00f3n por la baja participaci\u00f3n electoral que podr\u00eda afectar los resultados tanto en septiembre como en octubre. &#8220;Si la gente va a votar la pelea se puede llegar a inclinar en favor nuestro, porque cuanto m\u00e1s gente vote, menos pesa el aparato, y la realidad es que si, adem\u00e1s, le llegamos a ganar en septiembre, porque en octubre les vamos a ganar, pero si les ganamos en septiembre, estar\u00edamos poniendo el \u00faltimo clavo al caj\u00f3n del kirchnerismo y terminar con el populismo decadente y operador que tanto nos agobia&#8221;.<\/p>\n<p>En la misma l\u00ednea, argument\u00f3 que &#8220;no votar no es una opci\u00f3n viable en esta oportunidad, porque del otro lado hay pir\u00f3manos fiscales dispuestos a ir a votar cuantas veces sean necesarias para quedarse con el fruto de nuestro esfuerzo&#8221;.<\/p>\n","protected":false},"excerpt":{"rendered":"<p>El Presidente ser\u00e1 el encargado de cerrar el acto central por el 141\u00b0 aniversario de la entidad &nbsp; &nbsp; El presidente Javier Milei se trasladar\u00e1 este viernes a Rosario para participar del acto central por el 141\u00b0 aniversario de la Bolsa de Comercio de Rosario (BCR). Su arribo a la ciudad se da en el marco de un tenso clima pol\u00edtico atravesado por la campa\u00f1a electoral, y tras dos jornadas de reveses parlamentario para el Ejecutivo nacional. El evento se llevar\u00e1 a cabo a las 18.30 en la hist\u00f3rica sede&#8230;<\/p>\n","protected":false},"author":3,"featured_media":130380,"comment_status":"closed","ping_status":"closed","sticky":false,"template":"","format":"standard","meta":[],"categories":[18],"tags":[],"_links":{"self":[{"href":"https:\/\/www.actualidadadiario.com\/index.php\/wp-json\/wp\/v2\/posts\/131934"}],"collection":[{"href":"https:\/\/www.actualidadadiario.com\/index.php\/wp-json\/wp\/v2\/posts"}],"about":[{"href":"https:\/\/www.actualidadadiario.com\/index.php\/wp-json\/wp\/v2\/types\/post"}],"author":[{"embeddable":true,"href":"https:\/\/www.actualidadadiario.com\/index.php\/wp-json\/wp\/v2\/users\/3"}],"replies":[{"embeddable":true,"href":"https:\/\/www.actualidadadiario.com\/index.php\/wp-json\/wp\/v2\/comments?post=131934"}],"version-history":[{"count":1,"href":"https:\/\/www.actualidadadiario.com\/index.php\/wp-json\/wp\/v2\/posts\/131934\/revisions"}],"predecessor-version":[{"id":131935,"href":"https:\/\/www.actualidadadiario.com\/index.php\/wp-json\/wp\/v2\/posts\/131934\/revisions\/131935"}],"wp:featuredmedia":[{"embeddable":true,"href":"https:\/\/www.actualidadadiario.com\/index.php\/wp-json\/wp\/v2\/media\/130380"}],"wp:attachment":[{"href":"https:\/\/www.actualidadadiario.com\/index.php\/wp-json\/wp\/v2\/media?parent=131934"}],"wp:term":[{"taxonomy":"category","embeddable":true,"href":"https:\/\/www.actualidadadiario.com\/index.php\/wp-json\/wp\/v2\/categories?post=131934"},{"taxonomy":"post_tag","embeddable":true,"href":"https:\/\/www.actualidadadiario.com\/index.php\/wp-json\/wp\/v2\/tags?post=131934"}],"curies":[{"name":"wp","href":"https:\/\/api.w.org\/{rel}","templated":true}]}}