{"id":131931,"date":"2025-08-22T12:01:42","date_gmt":"2025-08-22T15:01:42","guid":{"rendered":"https:\/\/www.actualidadadiario.com\/?p=131931"},"modified":"2025-08-22T12:01:42","modified_gmt":"2025-08-22T15:01:42","slug":"milei-se-retrato-junto-a-sus-candidatos-nacionales-con-karina-milei-y-martin-menem-en-primera-linea","status":"publish","type":"post","link":"https:\/\/www.actualidadadiario.com\/index.php\/2025\/08\/22\/milei-se-retrato-junto-a-sus-candidatos-nacionales-con-karina-milei-y-martin-menem-en-primera-linea\/","title":{"rendered":"Milei se retrat\u00f3 junto a sus candidatos nacionales con Karina Milei y Mart\u00edn Menem en primera l\u00ednea"},"content":{"rendered":"<p style=\"text-align: center;\"><em><strong>Pese a la pol\u00e9mica abierta por el presunto pedido de coimas, el mandatario protagoniz\u00f3 una foto con los dos primeros candidatos de cada provincia<\/strong><\/em><\/p>\n<p>&nbsp;<\/p>\n<p>&nbsp;<\/p>\n<p>El presidente Javier Milei protagoniz\u00f3 un retrato junto a sus candidatos a legisladores nacionales por La Libertad Avanza, escoltado por la secretaria general de la Presidencia, Karina Milei, en medio de la pol\u00e9mica por los presuntos pedidos de coimas del Poder Ejecutivo.<\/p>\n<p>Luego de una extensa jornada, el mandatario concluy\u00f3 su jueves en un estudio de fotograf\u00eda junto a los dos primeros candidatos de cada provincia que competir\u00e1n el pr\u00f3ximo 26 de octubre.<\/p>\n<p>Lo llamativo fue que en primera l\u00ednea, junto a la menor de los Milei, se lo ve al presidente de la C\u00e1mara de Diputados, Mart\u00edn Menem, uno de los referentes libertarios en el ojo de la tormenta luego de que se filtraran unos supuestos audios del titular del ANDIS, Diego Spagnuolo, en el que admit\u00eda que Karina Milei recib\u00eda coimas a trav\u00e9s de su ladero Eduardo \u201cLule\u201d Menem de las farmac\u00e9uticas.<\/p>\n<p>\u201cLos candidatos para terminar de cambiar la historia de la Argentina\u201d, comunicaron desde la cuenta oficial de X de La Libertad Avanza junto a la fotograf\u00eda.<\/p>\n<p>&nbsp;<\/p>\n<p><strong>X de La Libertad Avanza<\/strong><\/p>\n<p>Entre los retratados destacan Patricia Bullrich y Agust\u00edn Monteverde, candidatos a senadores; Alejandro Fargosi y Patricia Holzman a diputados por CABA; y Jos\u00e9 Luis Espert y Karen Reichardt como representantes de la provincia de Buenos Aires. Tambi\u00e9n se lo observa a Gonzalo Roca y Laura Soldano.<\/p>\n<p>Entre los representantes de todas las provincias se lo ve a Luis Petri, actual ministro de Defensa, que competir\u00e1 por una banca en la C\u00e1mara de Diputados por la provincia de Mendoza; a la ex actriz, Virginia Gallardo, que har\u00e1 lo propio por Corrientes; y a la diputada por Salta Emilia Orozco que buscar\u00e1 colarse en el Senado, entre otros.<\/p>\n<p>El mismo jueves, el libertario no se priv\u00f3 de expresarse en clave electoral durante el Council de las Am\u00e9ricas que se celebr\u00f3 en el Hotel Alvear. Durante su discurso, vaticin\u00f3 un triunfo electoral en las elecciones de octubre, aunque se mostr\u00f3 cauto respecto a los comicios de septiembre.<\/p>\n<p>Asimismo, no ocult\u00f3 su preocupaci\u00f3n sobre la concurrencia a las urnas y pidi\u00f3 la asistencia a votar. \u201cCuanto m\u00e1s gente vote, menos pesa el aparato, y la realidad es que si le llegamos a ganar en septiembre, porque en octubre les vamos a ganar, estar\u00edamos poniendo el \u00faltimo clavo al caj\u00f3n del kirchnerismo y terminar con el populismo decadente y operador que tanto nos agobia\u201d, expuso ante el sector empresarial.<\/p>\n<p>La administraci\u00f3n libertaria transita d\u00edas complejos. No solo en el plano legislativo luego de que la C\u00e1mara de Diputados rechazara el veto contra la emergencia en discapacidad y la de Senadores hiciera la propio con cuatro decretos delegados y un DNU, entre los que se destacan el que disuelve Vialidad Nacional y otros que modifican las estructuras del INTI e INTA, sino que en el plano medi\u00e1tico, la acusaci\u00f3n por los supuestos pedidos de coimas del Ejecutivo escalan.<\/p>\n","protected":false},"excerpt":{"rendered":"<p>Pese a la pol\u00e9mica abierta por el presunto pedido de coimas, el mandatario protagoniz\u00f3 una foto con los dos primeros candidatos de cada provincia &nbsp; &nbsp; El presidente Javier Milei protagoniz\u00f3 un retrato junto a sus candidatos a legisladores nacionales por La Libertad Avanza, escoltado por la secretaria general de la Presidencia, Karina Milei, en medio de la pol\u00e9mica por los presuntos pedidos de coimas del Poder Ejecutivo. Luego de una extensa jornada, el mandatario concluy\u00f3 su jueves en un estudio de fotograf\u00eda junto a los dos primeros candidatos de&#8230;<\/p>\n","protected":false},"author":3,"featured_media":131932,"comment_status":"closed","ping_status":"closed","sticky":false,"template":"","format":"standard","meta":[],"categories":[18],"tags":[],"_links":{"self":[{"href":"https:\/\/www.actualidadadiario.com\/index.php\/wp-json\/wp\/v2\/posts\/131931"}],"collection":[{"href":"https:\/\/www.actualidadadiario.com\/index.php\/wp-json\/wp\/v2\/posts"}],"about":[{"href":"https:\/\/www.actualidadadiario.com\/index.php\/wp-json\/wp\/v2\/types\/post"}],"author":[{"embeddable":true,"href":"https:\/\/www.actualidadadiario.com\/index.php\/wp-json\/wp\/v2\/users\/3"}],"replies":[{"embeddable":true,"href":"https:\/\/www.actualidadadiario.com\/index.php\/wp-json\/wp\/v2\/comments?post=131931"}],"version-history":[{"count":1,"href":"https:\/\/www.actualidadadiario.com\/index.php\/wp-json\/wp\/v2\/posts\/131931\/revisions"}],"predecessor-version":[{"id":131933,"href":"https:\/\/www.actualidadadiario.com\/index.php\/wp-json\/wp\/v2\/posts\/131931\/revisions\/131933"}],"wp:featuredmedia":[{"embeddable":true,"href":"https:\/\/www.actualidadadiario.com\/index.php\/wp-json\/wp\/v2\/media\/131932"}],"wp:attachment":[{"href":"https:\/\/www.actualidadadiario.com\/index.php\/wp-json\/wp\/v2\/media?parent=131931"}],"wp:term":[{"taxonomy":"category","embeddable":true,"href":"https:\/\/www.actualidadadiario.com\/index.php\/wp-json\/wp\/v2\/categories?post=131931"},{"taxonomy":"post_tag","embeddable":true,"href":"https:\/\/www.actualidadadiario.com\/index.php\/wp-json\/wp\/v2\/tags?post=131931"}],"curies":[{"name":"wp","href":"https:\/\/api.w.org\/{rel}","templated":true}]}}