{"id":131924,"date":"2025-08-22T11:54:33","date_gmt":"2025-08-22T14:54:33","guid":{"rendered":"https:\/\/www.actualidadadiario.com\/?p=131924"},"modified":"2025-08-22T11:54:33","modified_gmt":"2025-08-22T14:54:33","slug":"oficializan-la-designacion-de-alejandro-vilches-como-interventor-de-la-agencia-nacional-de-discapacidad","status":"publish","type":"post","link":"https:\/\/www.actualidadadiario.com\/index.php\/2025\/08\/22\/oficializan-la-designacion-de-alejandro-vilches-como-interventor-de-la-agencia-nacional-de-discapacidad\/","title":{"rendered":"Oficializan la designaci\u00f3n de Alejandro Vilches como interventor de la Agencia Nacional de Discapacidad"},"content":{"rendered":"<p style=\"text-align: center;\"><em><strong>El Gobierno dispuso la intervenci\u00f3n de la Agencia Nacional de Discapacidad. La medida regir\u00e1 por 180 d\u00edas y tendr\u00e1 como interventor a Alejandro Alberto Vilches. Adem\u00e1s, se limitaron las designaciones de las autoridades vigentes en el organismo<\/strong><\/em><\/p>\n<p>&nbsp;<\/p>\n<p>&nbsp;<\/p>\n<p>Tras la escandalosa salida de Diego Spagnuolo de la Agencia Nacional de Discapacidad (ANDIS), el Gobierno nacional dispuso la intervenci\u00f3n del organismo por un plazo de 180 d\u00edas, prorrogables, y design\u00f3 como interventor al doctor Alejandro Alberto Vilches, un m\u00e9dico especializado en gesti\u00f3n de sistemas de salud p\u00fablica y privada, y hasta hoy Secretario de Gesti\u00f3n Sanitaria.<\/p>\n<p>De acuerdo al Decreto 601\/2025, publicado este viernes en el Bolet\u00edn Oficial, el interventor asumir\u00e1 las facultades de gobierno y administraci\u00f3n que el Decreto 698\/2017 y sus modificatorios le asignan al Director Ejecutivo de la agencia, organismo descentralizado que funciona bajo la \u00f3rbita del Ministerio de Salud.<\/p>\n<p>El texto firmado por el presidente Javier Milei se\u00f1ala que la medida busca garantizar mecanismos \u201c\u00e1giles y transparentes\u201d en la gesti\u00f3n de las prestaciones a cargo de la ANDIS, con especial foco en su sistema de compras y contrataciones. Adem\u00e1s, ordena que el interventor elabore un informe detallando la situaci\u00f3n relevada, el estado general del organismo y las recomendaciones a seguir.<\/p>\n<p>En el marco de la intervenci\u00f3n, se dispuso tambi\u00e9n limitar la designaci\u00f3n de Romina Gisele N\u00fa\u00f1ez en el cargo de Subdirectora Ejecutiva. La decisi\u00f3n se suma a lo dispuesto previamente en el Decreto 599\/2025, que hab\u00eda limitado la designaci\u00f3n del entonces director Diego Orlando Spagnuolo, y se enmarca en la reorganizaci\u00f3n del organismo.<\/p>\n<p>El decreto aclara que, en caso de detectarse anomal\u00edas o incumplimientos, el interventor deber\u00e1 informar con precisi\u00f3n su significatividad econ\u00f3mica y el impacto sobre la gesti\u00f3n, aportando la totalidad de la documentaci\u00f3n respectiva.<\/p>\n<p>El Poder Ejecutivo decidi\u00f3 desvincular a Spaguolo luego de que se filtraran audios donde reconoc\u00eda el pago de coimas por quinientos mil d\u00f3lares mensuales por parte de una empresa vinculada al presidente de la C\u00e1mara de Diputados, Mart\u00edn Menem. El dinero estar\u00eda vinculado a la recaudaci\u00f3n ilegal en la compra de medicamentos y servicios asociados. La investigaci\u00f3n sobre el presunto delito estar\u00e1 a cargo del fiscal Franco Picardi.<\/p>\n<p>&#8220;Las pensiones por invalidez han sido hist\u00f3ricamente una caja de la pol\u00edtica que este gobierno est\u00e1 decidido a romper para garantizar los derechos de quienes realmente lo necesitan&#8221;, sostuvo el vocero presidencial Manuel Adorni tras el esc\u00e1ndalo provocado por los audios de Spagnuolo. &#8220;En ese marco se profundizar\u00e1 la gesti\u00f3n de auditor\u00edas y revalidaci\u00f3n de pensiones&#8221;, agreg\u00f3.<\/p>\n<p>&nbsp;<\/p>\n<p><strong>Qui\u00e9n es Alejandro Alberto Vilches, el nuevo interventor de Andis<\/strong><\/p>\n<p>Alejandro Vilches es un m\u00e9dico egresado de la Universidad del Salvador, especializado en Gesti\u00f3n de Sistemas de Salud P\u00fablica y Privada. Hasta hoy era el secretario de Gesti\u00f3n Sanitaria, designado en diciembre de 2024, cargo al que lleg\u00f3 despu\u00e9s de desempe\u00f1arse como Secretario de Acceso y Equidad en Salud por nueve meses. Estos fueron sus \u00faltimas designaciones, pero tiene una larga trayectoria en el sector p\u00fablico. Trabaj\u00f3 en diferentes estamentos del Estado y fue asesor en la C\u00e1mara de Diputados. Tambi\u00e9n se desempe\u00f1\u00f3 en hospitales p\u00fablicos y obras sociales.<\/p>\n<p>Vilches no es un funcionario de alto perfil, pero s\u00ed ha tenido diferentes intervenciones p\u00fablicas en el \u00faltimo tiempo, defendiendo la pol\u00edtica del Gobierno en materia de Salud y dando respuestas a temas como el esc\u00e1ndalo desatado hace poco por copias en los ex\u00e1menes de admisi\u00f3n para las residencias m\u00e9dicas.<\/p>\n<p>Sobre la pol\u00edtica de Salud del Gobierno, Vilches afirm\u00f3 que se viene realizando &#8220;un cambio estructural del sistema de salud, (&#8230;) golpeado de hace much\u00edsimos a\u00f1os&#8221;. Seg\u00fan explic\u00f3, se est\u00e1n &#8220;haciendo muchas revoluciones para que el dinero, que es finito, vaya a las prestaciones de la comunidad y que vaya a mejorar los sueldos del personal de salud&#8221;.<\/p>\n<p>Sobre el conflicto en el Hospital Garrahan, defendiendo las reformas que est\u00e1 llevando adelante el Gobierno, pero reconoci\u00f3 lo poco que gana los profesionales m\u00e9dicos. &#8220;Todos los m\u00e9dicos ganamos una miseria. Yo soy m\u00e9dico, fui residente, hice millones de guardias y siempre cobramos mal. Nunca en la Argentina la profesi\u00f3n ni m\u00e9dica ni de todo el equipo de la salud fue correctamente reconocida&#8221;, reconoci\u00f3 Vilches en A24.<\/p>\n<p>Su \u00faltima aparici\u00f3n tuvo que ver con el esc\u00e1ndalo de los ex\u00e1menes de residencias m\u00e9dicas. Hace pocos d\u00edas opin\u00f3: &#8220;Tenemos que separar qui\u00e9n hizo las cosas bien y qui\u00e9n hizo las cosas mal, no podemos dejar la salud en manos de tramposos&#8221;, dijo Vilches en di\u00e1logo con radio Mitre.<\/p>\n","protected":false},"excerpt":{"rendered":"<p>El Gobierno dispuso la intervenci\u00f3n de la Agencia Nacional de Discapacidad. La medida regir\u00e1 por 180 d\u00edas y tendr\u00e1 como interventor a Alejandro Alberto Vilches. Adem\u00e1s, se limitaron las designaciones de las autoridades vigentes en el organismo &nbsp; &nbsp; Tras la escandalosa salida de Diego Spagnuolo de la Agencia Nacional de Discapacidad (ANDIS), el Gobierno nacional dispuso la intervenci\u00f3n del organismo por un plazo de 180 d\u00edas, prorrogables, y design\u00f3 como interventor al doctor Alejandro Alberto Vilches, un m\u00e9dico especializado en gesti\u00f3n de sistemas de salud p\u00fablica y privada, y&#8230;<\/p>\n","protected":false},"author":3,"featured_media":131925,"comment_status":"closed","ping_status":"closed","sticky":false,"template":"","format":"standard","meta":[],"categories":[18],"tags":[],"_links":{"self":[{"href":"https:\/\/www.actualidadadiario.com\/index.php\/wp-json\/wp\/v2\/posts\/131924"}],"collection":[{"href":"https:\/\/www.actualidadadiario.com\/index.php\/wp-json\/wp\/v2\/posts"}],"about":[{"href":"https:\/\/www.actualidadadiario.com\/index.php\/wp-json\/wp\/v2\/types\/post"}],"author":[{"embeddable":true,"href":"https:\/\/www.actualidadadiario.com\/index.php\/wp-json\/wp\/v2\/users\/3"}],"replies":[{"embeddable":true,"href":"https:\/\/www.actualidadadiario.com\/index.php\/wp-json\/wp\/v2\/comments?post=131924"}],"version-history":[{"count":1,"href":"https:\/\/www.actualidadadiario.com\/index.php\/wp-json\/wp\/v2\/posts\/131924\/revisions"}],"predecessor-version":[{"id":131926,"href":"https:\/\/www.actualidadadiario.com\/index.php\/wp-json\/wp\/v2\/posts\/131924\/revisions\/131926"}],"wp:featuredmedia":[{"embeddable":true,"href":"https:\/\/www.actualidadadiario.com\/index.php\/wp-json\/wp\/v2\/media\/131925"}],"wp:attachment":[{"href":"https:\/\/www.actualidadadiario.com\/index.php\/wp-json\/wp\/v2\/media?parent=131924"}],"wp:term":[{"taxonomy":"category","embeddable":true,"href":"https:\/\/www.actualidadadiario.com\/index.php\/wp-json\/wp\/v2\/categories?post=131924"},{"taxonomy":"post_tag","embeddable":true,"href":"https:\/\/www.actualidadadiario.com\/index.php\/wp-json\/wp\/v2\/tags?post=131924"}],"curies":[{"name":"wp","href":"https:\/\/api.w.org\/{rel}","templated":true}]}}