{"id":131906,"date":"2025-08-22T10:14:11","date_gmt":"2025-08-22T13:14:11","guid":{"rendered":"https:\/\/www.actualidadadiario.com\/?p=131906"},"modified":"2025-08-22T10:14:11","modified_gmt":"2025-08-22T13:14:11","slug":"alertan-por-suba-de-casos-del-virus-sincicial-respiratorio","status":"publish","type":"post","link":"https:\/\/www.actualidadadiario.com\/index.php\/2025\/08\/22\/alertan-por-suba-de-casos-del-virus-sincicial-respiratorio\/","title":{"rendered":"Alertan por suba de casos del Virus Sincicial Respiratorio"},"content":{"rendered":"<p style=\"text-align: center;\"><em><strong>El Bolet\u00edn Epidemiol\u00f3gico Nacional indic\u00f3 que el virus sincicial respiratorio mostr\u00f3 un incremento en las \u00faltimas semanas; mientras que la influenza descendi\u00f3 levemente y el COVID-19 se mantuvo en niveles bajos<\/strong><\/em><\/p>\n<p>&nbsp;<\/p>\n<p>&nbsp;<\/p>\n<p>De acuerdo al Bolet\u00edn Epidemiol\u00f3gico Nacional (BEN) correspondiente a la semana epidemiol\u00f3gica 32, se mantuvo la circulaci\u00f3n activa de infecciones respiratorias en el pa\u00eds. Los casos de virus sincicial respiratorio (VSR) registraron un incremento, mientras que los de influenza mostraron un leve descenso y el SARS-CoV-2 se sostuvo en niveles bajos.<\/p>\n<p>La neumon\u00eda y la bronquiolitis continuaron presentando un n\u00famero significativo de diagn\u00f3sticos en lo que va del a\u00f1o, dentro de los valores esperados para la \u00e9poca, con variaciones entre jurisdicciones.<\/p>\n<p>&nbsp;<\/p>\n<p><strong>Influenza, VSR y SARS-CoV-2<\/strong><\/p>\n<p>En las \u00faltimas dos semanas se notificaron 12 nuevos casos de influenza en monitoreo ambulatorio, sobre un total de 173 muestras estudiadas, adem\u00e1s de 86 casos en pacientes internados. La circulaci\u00f3n se dio principalmente en influenza tipo A (H1N1).<\/p>\n<p>En cuanto al VSR, se verific\u00f3 un ascenso en la positividad: 15 casos en 108 muestras analizadas. Respecto al SARS-CoV-2, se detectaron 6 casos en estudios ambulatorios y 33 en personas internadas, sin reportes de fallecimientos.<\/p>\n<p>Ante esta situaci\u00f3n, el Ministerio de Salud de la Naci\u00f3n recomend\u00f3 reforzar la vigilancia cl\u00ednica y epidemiol\u00f3gica para la detecci\u00f3n temprana de casos y record\u00f3 la importancia de mantener los esquemas de vacunaci\u00f3n al d\u00eda.<\/p>\n<p>&nbsp;<\/p>\n<p><strong>Dengue sin nuevos casos confirmados<\/strong><\/p>\n<p>Durante la \u00faltima semana se notificaron 119 casos sospechosos de dengue. Por primera vez en el a\u00f1o, no hubo confirmaciones. Desde el inicio de la temporada, se registraron 245 sospechosos, con solo un caso confirmado por laboratorio en la provincia de Formosa.<\/p>\n<p>&nbsp;<\/p>\n<p><strong>Informe especial: tos convulsa y araneismo<\/strong><\/p>\n<p>El BEN incluy\u00f3 un informe sobre coqueluche. En lo que va del a\u00f1o se confirmaron 189 casos sobre 2.215 sospechosos. La mayor\u00eda correspondi\u00f3 a Bordetella pertussis (93,1%), concentrados en C\u00f3rdoba y Salta, seguidos por Buenos Aires, CABA, Mendoza y Santa Fe.<\/p>\n<p>Aunque el n\u00famero total de notificaciones baj\u00f3 en comparaci\u00f3n con a\u00f1os previos, los casos confirmados en 2025 superan a los de 2021, 2022 y 2024 en el mismo per\u00edodo. Este repunte sigue la tendencia regional advertida por la OPS, en un contexto de ca\u00edda sostenida en las coberturas de vacunaci\u00f3n, sobre todo en embarazadas y lactantes.<\/p>\n<p>Tambi\u00e9n se present\u00f3 un reporte sobre araneismo. En las primeras 28 semanas de 2025 se notificaron 629 casos, un 16% menos que en el mismo per\u00edodo de 2024. De ellos, 464 correspondieron a ara\u00f1as del g\u00e9nero Latrodectus (viuda negra) y 161 a Loxosceles (ara\u00f1a del rinc\u00f3n).<\/p>\n<p>Las regiones de Cuyo y NOA concentraron las mayores tasas. El BEN destac\u00f3 que la intoxicaci\u00f3n por mordedura de ara\u00f1as, si bien puede ser grave, es prevenible y tratable con ant\u00eddotos efectivos.<\/p>\n<p>&nbsp;<\/p>\n<p><strong>Recomendaciones<\/strong><\/p>\n<p>El Ministerio de Salud reiter\u00f3 la necesidad de fortalecer las medidas de cuidado, la notificaci\u00f3n sistem\u00e1tica de casos y la recuperaci\u00f3n de las coberturas de vacunaci\u00f3n. Estas acciones resultan clave para reducir riesgos y garantizar un abordaje equitativo y oportuno en el sistema sanitario nacional.<\/p>\n","protected":false},"excerpt":{"rendered":"<p>El Bolet\u00edn Epidemiol\u00f3gico Nacional indic\u00f3 que el virus sincicial respiratorio mostr\u00f3 un incremento en las \u00faltimas semanas; mientras que la influenza descendi\u00f3 levemente y el COVID-19 se mantuvo en niveles bajos &nbsp; &nbsp; De acuerdo al Bolet\u00edn Epidemiol\u00f3gico Nacional (BEN) correspondiente a la semana epidemiol\u00f3gica 32, se mantuvo la circulaci\u00f3n activa de infecciones respiratorias en el pa\u00eds. Los casos de virus sincicial respiratorio (VSR) registraron un incremento, mientras que los de influenza mostraron un leve descenso y el SARS-CoV-2 se sostuvo en niveles bajos. La neumon\u00eda y la bronquiolitis continuaron&#8230;<\/p>\n","protected":false},"author":3,"featured_media":131907,"comment_status":"closed","ping_status":"closed","sticky":false,"template":"","format":"standard","meta":[],"categories":[2],"tags":[],"_links":{"self":[{"href":"https:\/\/www.actualidadadiario.com\/index.php\/wp-json\/wp\/v2\/posts\/131906"}],"collection":[{"href":"https:\/\/www.actualidadadiario.com\/index.php\/wp-json\/wp\/v2\/posts"}],"about":[{"href":"https:\/\/www.actualidadadiario.com\/index.php\/wp-json\/wp\/v2\/types\/post"}],"author":[{"embeddable":true,"href":"https:\/\/www.actualidadadiario.com\/index.php\/wp-json\/wp\/v2\/users\/3"}],"replies":[{"embeddable":true,"href":"https:\/\/www.actualidadadiario.com\/index.php\/wp-json\/wp\/v2\/comments?post=131906"}],"version-history":[{"count":1,"href":"https:\/\/www.actualidadadiario.com\/index.php\/wp-json\/wp\/v2\/posts\/131906\/revisions"}],"predecessor-version":[{"id":131908,"href":"https:\/\/www.actualidadadiario.com\/index.php\/wp-json\/wp\/v2\/posts\/131906\/revisions\/131908"}],"wp:featuredmedia":[{"embeddable":true,"href":"https:\/\/www.actualidadadiario.com\/index.php\/wp-json\/wp\/v2\/media\/131907"}],"wp:attachment":[{"href":"https:\/\/www.actualidadadiario.com\/index.php\/wp-json\/wp\/v2\/media?parent=131906"}],"wp:term":[{"taxonomy":"category","embeddable":true,"href":"https:\/\/www.actualidadadiario.com\/index.php\/wp-json\/wp\/v2\/categories?post=131906"},{"taxonomy":"post_tag","embeddable":true,"href":"https:\/\/www.actualidadadiario.com\/index.php\/wp-json\/wp\/v2\/tags?post=131906"}],"curies":[{"name":"wp","href":"https:\/\/api.w.org\/{rel}","templated":true}]}}