{"id":131903,"date":"2025-08-22T10:10:47","date_gmt":"2025-08-22T13:10:47","guid":{"rendered":"https:\/\/www.actualidadadiario.com\/?p=131903"},"modified":"2025-08-22T10:11:02","modified_gmt":"2025-08-22T13:11:02","slug":"el-consumo-en-la-cuerda-floja-cayo-fuerte-la-confianza-del-consumidor-en-agosto","status":"publish","type":"post","link":"https:\/\/www.actualidadadiario.com\/index.php\/2025\/08\/22\/el-consumo-en-la-cuerda-floja-cayo-fuerte-la-confianza-del-consumidor-en-agosto\/","title":{"rendered":"El consumo en la cuerda floja: cay\u00f3 fuerte la confianza del consumidor en agosto"},"content":{"rendered":"<p style=\"text-align: center;\"><em><strong>El \u00edndice que midi\u00f3 la Universidad di Tella en la primera quincena de agosto muestra un repliegue de m\u00e1s 13 puntos en la confianza del consumidor. Los factores que se identifican tras la ca\u00edda<\/strong><\/em><\/p>\n<p>&nbsp;<\/p>\n<p>&nbsp;<\/p>\n<p>El \u00cdndice de Confianza del Consumidor descendi\u00f3 13,9% respecto de julio y acumul\u00f3 una ca\u00edda interanual del 3,7%, seg\u00fan el informe del Centro de Investigaci\u00f3n en Finanzas (CIF) de la Universidad Torcuato Di Tella, elaborado a partir de encuestas realizadas en cuarenta grandes aglomerados urbanos, entre el uno y el catorce de agosto del a\u00f1o en curso.<\/p>\n<p>Adem\u00e1s del n\u00famero superlativo, se trata del peor valor registrado por el \u00edndice desde septiembre de 2024, y planta dudas sobre el futuro, en tanto se ve potenciado por el temor a un enfriamiento de la econom\u00eda y la ca\u00edda de la percepci\u00f3n tanto personal como macroecon\u00f3mica de c\u00f3mo esperan los argentinos enfrentar el futuro.<\/p>\n<p>La ca\u00edda en todos los indicadores muestra c\u00f3mo impact\u00f3 la coyuntura financiera y la incertidumbre sobre las decisiones de gasto de las familias argentinas.<\/p>\n<p>El consumo en centros mayoristas tambi\u00e9n cay\u00f3 en julio, seg\u00fan registr\u00f3 INDEC en las \u00faltimas horas. En efecto, la Encuesta de Supermercados publicada por el Instituto Nacional de Estad\u00edstica y Censos (INDEC), mostr\u00f3 que las ventas a precios constantes se hundieron 8,4% interanual en junio y acumulan una baja de 6,5% en el primer semestre. En tanto, las ventas a precios constantes en supermercados crecieron 0,8% interanual en junio, con lo que acumulan una mejora de 4% en el primer semestre respecto al mismo per\u00edodo de 2024.<\/p>\n<p>En la comparaci\u00f3n interanual, el ICC de agosto de 2025 se ubica un 3,64% por debajo de agosto de 2024, pero un 12,18% arriba del piso de enero de 2024 (35,60).<\/p>\n<p>La ca\u00edda fue general en todos sus componentes: las expectativas de compra de bienes durables retrocedieron 15,2% en el mes, la percepci\u00f3n sobre la situaci\u00f3n macroecon\u00f3mica disminuy\u00f3 13,7% y la personal, 12,9 por ciento.<\/p>\n<p>&nbsp;<\/p>\n<p><strong>La confianza del consumidor cay\u00f3 en todas las regiones, pero en CABA fue peor<\/strong><\/p>\n<p>Tal como se\u00f1ala el trabajo, la ca\u00edda en el \u00edndice fue generalizada, tanto por regiones, como por nivel de ingreso y por sub\u00edndices.<\/p>\n<p>De todos modos, la mayor ca\u00edda se observ\u00f3 en CABA, con un descenso del 21,48% respecto a julio y del 13,70% en la comparaci\u00f3n interanual.<\/p>\n<p>En tanto, en el GBA, el \u00edndice baj\u00f3 15,86% en el mes y 2,14% frente a agosto de 2024.<\/p>\n<p>Por su parte, el Interior present\u00f3 una disminuci\u00f3n m\u00e1s moderada, del 7,07% mensual y del 0,97% interanual.<\/p>\n<p>Otro dato preocupante es que cay\u00f3 m\u00e1s en los hogares de menores ingresos, 18,33% mensual, que en los hogares de ingresos altos, 10,27% mensual, una din\u00e1mica que viene creciendo en los \u00faltimos tiempos y que da cuenta de una compleja coyuntura que atraviesan las clases m\u00e1s bajas. En definitiva, la brecha evidencia que el deterioro del \u00e1nimo social no es homog\u00e9neo, pero pega m\u00e1s fuerte entre los que menos tienen.<\/p>\n<p>Las Condiciones Presentes, que miden c\u00f3mo se sienten hoy las personas respecto a su econom\u00eda y a la econom\u00eda general, disminuyeron 14,89% respecto a julio, aunque se mantienen 21,76% por encima del nivel de agosto de 2024.<\/p>\n<p>Las Expectativas Futuras tambi\u00e9n cayeron, con una baja mensual del 13,10% y un retroceso interanual del 16,36%<\/p>\n<p>Tal como se\u00f1ala el informe, la poblaci\u00f3n valora mejor su situaci\u00f3n presente que sus perspectivas a futuro, en especial por el crecimiento de ingresos y una inflaci\u00f3n que logr\u00f3 retroceder, permitiendo recomponer parcialmente el poder adquisitivo. De todos modos, se mantienen en el futuro grandes desaf\u00edos para recuperar el optimismo. Y en un a\u00f1o electoral, a\u00fan no cristalizan las mejoras.<\/p>\n<p>Tal parece que s\u00f3lo una mejora sostenida en los ingresos reales y en el mercado laboral podr\u00eda revertir este deterioro en la percepci\u00f3n social y generar un repunte en el \u00e1nimo de los consumidores hacia fin de a\u00f1o.<\/p>\n","protected":false},"excerpt":{"rendered":"<p>El \u00edndice que midi\u00f3 la Universidad di Tella en la primera quincena de agosto muestra un repliegue de m\u00e1s 13 puntos en la confianza del consumidor. Los factores que se identifican tras la ca\u00edda &nbsp; &nbsp; El \u00cdndice de Confianza del Consumidor descendi\u00f3 13,9% respecto de julio y acumul\u00f3 una ca\u00edda interanual del 3,7%, seg\u00fan el informe del Centro de Investigaci\u00f3n en Finanzas (CIF) de la Universidad Torcuato Di Tella, elaborado a partir de encuestas realizadas en cuarenta grandes aglomerados urbanos, entre el uno y el catorce de agosto del&#8230;<\/p>\n","protected":false},"author":3,"featured_media":115023,"comment_status":"closed","ping_status":"closed","sticky":false,"template":"","format":"standard","meta":[],"categories":[9],"tags":[],"_links":{"self":[{"href":"https:\/\/www.actualidadadiario.com\/index.php\/wp-json\/wp\/v2\/posts\/131903"}],"collection":[{"href":"https:\/\/www.actualidadadiario.com\/index.php\/wp-json\/wp\/v2\/posts"}],"about":[{"href":"https:\/\/www.actualidadadiario.com\/index.php\/wp-json\/wp\/v2\/types\/post"}],"author":[{"embeddable":true,"href":"https:\/\/www.actualidadadiario.com\/index.php\/wp-json\/wp\/v2\/users\/3"}],"replies":[{"embeddable":true,"href":"https:\/\/www.actualidadadiario.com\/index.php\/wp-json\/wp\/v2\/comments?post=131903"}],"version-history":[{"count":2,"href":"https:\/\/www.actualidadadiario.com\/index.php\/wp-json\/wp\/v2\/posts\/131903\/revisions"}],"predecessor-version":[{"id":131905,"href":"https:\/\/www.actualidadadiario.com\/index.php\/wp-json\/wp\/v2\/posts\/131903\/revisions\/131905"}],"wp:featuredmedia":[{"embeddable":true,"href":"https:\/\/www.actualidadadiario.com\/index.php\/wp-json\/wp\/v2\/media\/115023"}],"wp:attachment":[{"href":"https:\/\/www.actualidadadiario.com\/index.php\/wp-json\/wp\/v2\/media?parent=131903"}],"wp:term":[{"taxonomy":"category","embeddable":true,"href":"https:\/\/www.actualidadadiario.com\/index.php\/wp-json\/wp\/v2\/categories?post=131903"},{"taxonomy":"post_tag","embeddable":true,"href":"https:\/\/www.actualidadadiario.com\/index.php\/wp-json\/wp\/v2\/tags?post=131903"}],"curies":[{"name":"wp","href":"https:\/\/api.w.org\/{rel}","templated":true}]}}