{"id":131892,"date":"2025-08-22T09:19:14","date_gmt":"2025-08-22T12:19:14","guid":{"rendered":"https:\/\/www.actualidadadiario.com\/?p=131892"},"modified":"2025-08-22T09:19:14","modified_gmt":"2025-08-22T12:19:14","slug":"en-septiembre-vuelven-los-vuelos-al-aeropuerto-de-concordia","status":"publish","type":"post","link":"https:\/\/www.actualidadadiario.com\/index.php\/2025\/08\/22\/en-septiembre-vuelven-los-vuelos-al-aeropuerto-de-concordia\/","title":{"rendered":"En septiembre vuelven los vuelos al Aeropuerto de Concordia"},"content":{"rendered":"<p style=\"text-align: center;\"><em><strong>El secretario de Turismo de la Provincia confirm\u00f3 que en septiembre se instrumentar\u00e1n los vuelos entre Concordia y Buenos Aires. Tambi\u00e9n habl\u00f3 de las rutas y de los feriados<\/strong><\/em><\/p>\n<p>&nbsp;<\/p>\n<p>&nbsp;<\/p>\n<p>Presente en un evento sobre Termalismo en la regi\u00f3n, el secretario de Turismo de Entre R\u00edos, Jorge Satto, fue consultado sobre la conectividad a\u00e9rea en la Provincia y afirm\u00f3 que se espera &#8220;que lo de Concordia sea un punto de partida, ya que la obra civil del Aeropuerto ya est\u00e1 terminada, es maravillosa pero ahora hay que darle vida y es una tarea muy dif\u00edcil&#8221;.<\/p>\n<p>&nbsp;<\/p>\n<p><strong>Vuelos<\/strong><\/p>\n<p>El funcionario confirm\u00f3 &#8211; ahora oficialmente &#8211; que &#8220;en septiembre comienzan los primeros vuelos, ser\u00e1n dos vuelos semanales a Buenos Aires de una empresa, para empezar a ver qu\u00e9 flujo hay y seguramente esto va a despertar el inter\u00e9s de algunas otras firmas&#8221;.<\/p>\n<p>Para Satto, &#8220;se ha trabajado mucho en potenciar todo lo que es esta conectividad porque esto no est\u00e1 s\u00f3lo vinculado al turismo, sino que tambi\u00e9n es transporte, productividad, familiares y amigos, salud, comercio; son muchos los factores que integran la posibilidad de movimiento de un aeropuerto&#8221;.<\/p>\n<p>&nbsp;<\/p>\n<p><strong>Rutas<\/strong><\/p>\n<p>En cuanto a la conectividad terrestre y el p\u00e9simo estado de las rutas, el secretario &#8211; sobre la Autov\u00eda 14 &#8211; hizo sus observaciones. &#8220;Ya ven\u00eda destruida y hace 10 a\u00f1os que estaba abandonada, con un concesionario que no cumpl\u00eda, le revocaban, le volv\u00edan a dar la concesi\u00f3n, cobraba un peaje muy barato pero tambi\u00e9n ve\u00edamos el estado en el que estaba la ruta, con los pastos crecidos, los cruces abandonados, sin luz, sin se\u00f1alizaci\u00f3n y m\u00e1s all\u00e1 de todo eso, la empresa fue a la quiebra, se acab\u00f3 la concesi\u00f3n y despu\u00e9s vino este gobierno nacional que dijo que no se iba a hacer cargo&#8221;, record\u00f3.<\/p>\n<p>En ese sentido, trajo a colaci\u00f3n que &#8220;desde el gobierno provincial y lo que tiene que ver con nuestra responsabilidad como gobierno, Rogelio Frigerio inmediatamente activ\u00f3 el tema y pidi\u00f3 por la atenci\u00f3n de la ruta y se inici\u00f3 el proceso licitatorio para la concesi\u00f3n de la autov\u00eda 14, de la 12, la 127 que son las nacionales y los accesos a los puentes internacionales y al puente Rosario &#8211; Victoria&#8221;.<\/p>\n<p>El funcionario mencion\u00f3 que &#8220;ese proceso est\u00e1 en marcha, se hicieron las audiencias p\u00fablicas y est\u00e1n los pliegos, no s\u00e9 exactamente en este momento en qu\u00e9 estado va, pero se avanza, ha habido pedidos y ha habido respuestas&#8221;.<\/p>\n<p>&nbsp;<\/p>\n<p><strong>Feriados<\/strong><\/p>\n<p>Por \u00faltimo, Satto fue consultado acerca de la gestiones ante el gobierno de Milei para la concreci\u00f3n de fines de semana largos, que ayuden a paliar la dif\u00edcil situaci\u00f3n de los prestadores tur\u00edsticos, ante la ca\u00edda de la demanda.<\/p>\n<p>&#8220;Es un deber nuestro, de los que somos actores del turismo, volcar en n\u00fameros y por eso estamos creando el Observatorio en la provincia de Entre R\u00edos, para poder tener datos duros, de decir ingresaron tantas personas, gastan tanto por d\u00eda y por persona, ya que son los que generan un movimiento, genera una riqueza real, un incremento de las divisas y aumenta nuestra masa econ\u00f3mica&#8221;, se\u00f1al\u00f3.<\/p>\n<p>En su momento, &#8220;se hab\u00eda amagado con eliminar los fines de semana largos directamente, ese fue el anuncio que hizo el gobierno nacional pero a partir de la reacci\u00f3n de todos nosotros, en el Consejo Federal de Turismo, se lleg\u00f3 a un punto intermedio que es, algunos quedaron, s\u00ed o s\u00ed, y otros se decret\u00f3 como fue el \u00faltimo, la jornada no laborable en lugar del feriado; d\u00e1ndole un gui\u00f1o a la actividad industrial&#8221;, agreg\u00f3.<\/p>\n<p>Sin embargo, para Satto &#8220;no alcanza, alcanza a medias, los resultados son distintos pero tambi\u00e9n hay que entender que no somos la \u00fanica actividad&#8221;.<\/p>\n","protected":false},"excerpt":{"rendered":"<p>El secretario de Turismo de la Provincia confirm\u00f3 que en septiembre se instrumentar\u00e1n los vuelos entre Concordia y Buenos Aires. Tambi\u00e9n habl\u00f3 de las rutas y de los feriados &nbsp; &nbsp; Presente en un evento sobre Termalismo en la regi\u00f3n, el secretario de Turismo de Entre R\u00edos, Jorge Satto, fue consultado sobre la conectividad a\u00e9rea en la Provincia y afirm\u00f3 que se espera &#8220;que lo de Concordia sea un punto de partida, ya que la obra civil del Aeropuerto ya est\u00e1 terminada, es maravillosa pero ahora hay que darle vida&#8230;<\/p>\n","protected":false},"author":3,"featured_media":131893,"comment_status":"closed","ping_status":"closed","sticky":false,"template":"","format":"standard","meta":[],"categories":[15],"tags":[],"_links":{"self":[{"href":"https:\/\/www.actualidadadiario.com\/index.php\/wp-json\/wp\/v2\/posts\/131892"}],"collection":[{"href":"https:\/\/www.actualidadadiario.com\/index.php\/wp-json\/wp\/v2\/posts"}],"about":[{"href":"https:\/\/www.actualidadadiario.com\/index.php\/wp-json\/wp\/v2\/types\/post"}],"author":[{"embeddable":true,"href":"https:\/\/www.actualidadadiario.com\/index.php\/wp-json\/wp\/v2\/users\/3"}],"replies":[{"embeddable":true,"href":"https:\/\/www.actualidadadiario.com\/index.php\/wp-json\/wp\/v2\/comments?post=131892"}],"version-history":[{"count":1,"href":"https:\/\/www.actualidadadiario.com\/index.php\/wp-json\/wp\/v2\/posts\/131892\/revisions"}],"predecessor-version":[{"id":131894,"href":"https:\/\/www.actualidadadiario.com\/index.php\/wp-json\/wp\/v2\/posts\/131892\/revisions\/131894"}],"wp:featuredmedia":[{"embeddable":true,"href":"https:\/\/www.actualidadadiario.com\/index.php\/wp-json\/wp\/v2\/media\/131893"}],"wp:attachment":[{"href":"https:\/\/www.actualidadadiario.com\/index.php\/wp-json\/wp\/v2\/media?parent=131892"}],"wp:term":[{"taxonomy":"category","embeddable":true,"href":"https:\/\/www.actualidadadiario.com\/index.php\/wp-json\/wp\/v2\/categories?post=131892"},{"taxonomy":"post_tag","embeddable":true,"href":"https:\/\/www.actualidadadiario.com\/index.php\/wp-json\/wp\/v2\/tags?post=131892"}],"curies":[{"name":"wp","href":"https:\/\/api.w.org\/{rel}","templated":true}]}}