{"id":131887,"date":"2025-08-22T09:16:30","date_gmt":"2025-08-22T12:16:30","guid":{"rendered":"https:\/\/www.actualidadadiario.com\/?p=131887"},"modified":"2025-08-22T09:16:30","modified_gmt":"2025-08-22T12:16:30","slug":"entre-rios-supero-los-valores-historicos-de-precipitaciones-en-agosto","status":"publish","type":"post","link":"https:\/\/www.actualidadadiario.com\/index.php\/2025\/08\/22\/entre-rios-supero-los-valores-historicos-de-precipitaciones-en-agosto\/","title":{"rendered":"Entre R\u00edos super\u00f3 los valores hist\u00f3ricos de precipitaciones en agosto"},"content":{"rendered":"<p style=\"text-align: center;\"><em><strong>El Ministerio de Planeamiento, Infraestructura y Servicios, a trav\u00e9s de la Direcci\u00f3n General de Hidr\u00e1ulica y Obras Sanitarias, emiti\u00f3 un informe sobre las intensas precipitaciones que afectaron a la provincia en los \u00faltimos d\u00edas<\/strong><\/em><\/p>\n<p>&nbsp;<\/p>\n<p>&nbsp;<\/p>\n<p>De acuerdo a los registros del Servicio Meteorol\u00f3gico Nacional (SMN), en la mayor\u00eda de los departamentos de Entre R\u00edos las lluvias acumuladas en los \u00faltimos d\u00edas superaron ampliamente los promedios hist\u00f3ricos de agosto.<\/p>\n<p>&nbsp;<\/p>\n<p><strong>Valores de algunos de los departamentos m\u00e1s afectados<\/strong><\/p>\n<p>En Paran\u00e1, entre el lunes 18 (61 mm) y el martes 19 (69 mm), se acumularon 130 mm de agua, frente a un valor medio mensual de 38,4 mm (serie 1991-2020). Ambos registros diarios constituyen r\u00e9cords hist\u00f3ricos de precipitaciones en 24 horas desde 1953.<\/p>\n<p>En otros departamentos tambi\u00e9n se observaron valores extraordinarios. En Villaguay se registraron alrededor de 100 mm, superando con amplitud el promedio de 56 mm. Por otro lado, en La Paz, las lluvias alcanzaron los 155 mm, frente a un valor medio mensual de 48 mm, seg\u00fan datos del SMN.<\/p>\n<p>Desde la Direcci\u00f3n de Hidr\u00e1ulica y Obras Sanitarias remarcaron que la repetici\u00f3n cada vez m\u00e1s frecuente de estos fen\u00f3menos meteorol\u00f3gicos extremos, tanto de excesos h\u00eddricos como de sequ\u00eda, ponen en evidencia los efectos del cambio clim\u00e1tico sobre las actividades en el planeta y en nuestra regi\u00f3n.<\/p>\n<p>&nbsp;<\/p>\n<p><strong>Monitoreo<\/strong><\/p>\n<p>El director del \u00e1rea de Hidr\u00e1ulica y Obras sanitarias de la provincia, Oscar Pintos se\u00f1al\u00f3 que \u201cllevamos adelante un monitoreo constante para contar con informaci\u00f3n precisa y actualizada. Esto es fundamental para anticipar situaciones que puedan representar un riesgo y para resguardar la seguridad de los entrerrianos\u00bb.<\/p>\n<p>Asimismo, destac\u00f3 que la provincia trabaja de manera articulada con el Instituto Nacional del Agua (INA) y el SMN en el monitoreo hidroclim\u00e1tico continuo, lo que permite proyectar con mayor precisi\u00f3n las perspectivas h\u00eddricas y fortalecer las medidas de prevenci\u00f3n.<\/p>\n","protected":false},"excerpt":{"rendered":"<p>El Ministerio de Planeamiento, Infraestructura y Servicios, a trav\u00e9s de la Direcci\u00f3n General de Hidr\u00e1ulica y Obras Sanitarias, emiti\u00f3 un informe sobre las intensas precipitaciones que afectaron a la provincia en los \u00faltimos d\u00edas &nbsp; &nbsp; De acuerdo a los registros del Servicio Meteorol\u00f3gico Nacional (SMN), en la mayor\u00eda de los departamentos de Entre R\u00edos las lluvias acumuladas en los \u00faltimos d\u00edas superaron ampliamente los promedios hist\u00f3ricos de agosto. &nbsp; Valores de algunos de los departamentos m\u00e1s afectados En Paran\u00e1, entre el lunes 18 (61 mm) y el martes 19&#8230;<\/p>\n","protected":false},"author":3,"featured_media":113676,"comment_status":"closed","ping_status":"closed","sticky":false,"template":"","format":"standard","meta":[],"categories":[15],"tags":[],"_links":{"self":[{"href":"https:\/\/www.actualidadadiario.com\/index.php\/wp-json\/wp\/v2\/posts\/131887"}],"collection":[{"href":"https:\/\/www.actualidadadiario.com\/index.php\/wp-json\/wp\/v2\/posts"}],"about":[{"href":"https:\/\/www.actualidadadiario.com\/index.php\/wp-json\/wp\/v2\/types\/post"}],"author":[{"embeddable":true,"href":"https:\/\/www.actualidadadiario.com\/index.php\/wp-json\/wp\/v2\/users\/3"}],"replies":[{"embeddable":true,"href":"https:\/\/www.actualidadadiario.com\/index.php\/wp-json\/wp\/v2\/comments?post=131887"}],"version-history":[{"count":1,"href":"https:\/\/www.actualidadadiario.com\/index.php\/wp-json\/wp\/v2\/posts\/131887\/revisions"}],"predecessor-version":[{"id":131888,"href":"https:\/\/www.actualidadadiario.com\/index.php\/wp-json\/wp\/v2\/posts\/131887\/revisions\/131888"}],"wp:featuredmedia":[{"embeddable":true,"href":"https:\/\/www.actualidadadiario.com\/index.php\/wp-json\/wp\/v2\/media\/113676"}],"wp:attachment":[{"href":"https:\/\/www.actualidadadiario.com\/index.php\/wp-json\/wp\/v2\/media?parent=131887"}],"wp:term":[{"taxonomy":"category","embeddable":true,"href":"https:\/\/www.actualidadadiario.com\/index.php\/wp-json\/wp\/v2\/categories?post=131887"},{"taxonomy":"post_tag","embeddable":true,"href":"https:\/\/www.actualidadadiario.com\/index.php\/wp-json\/wp\/v2\/tags?post=131887"}],"curies":[{"name":"wp","href":"https:\/\/api.w.org\/{rel}","templated":true}]}}