{"id":131885,"date":"2025-08-22T09:15:46","date_gmt":"2025-08-22T12:15:46","guid":{"rendered":"https:\/\/www.actualidadadiario.com\/?p=131885"},"modified":"2025-08-22T09:15:46","modified_gmt":"2025-08-22T12:15:46","slug":"piden-que-la-ucr-expulse-del-partido-a-los-diputados-benedetti-y-antola-por-traicionar-a-los-jubilados","status":"publish","type":"post","link":"https:\/\/www.actualidadadiario.com\/index.php\/2025\/08\/22\/piden-que-la-ucr-expulse-del-partido-a-los-diputados-benedetti-y-antola-por-traicionar-a-los-jubilados\/","title":{"rendered":"Piden que la UCR expulse del partido a los diputados Benedetti y \u00c1ntola por traicionar a los jubilados"},"content":{"rendered":"<p style=\"text-align: center;\"><strong><em>Hubo una solicitud formal enviada al Tribunal de \u00c9tica y Disciplina de la UCR de Entre R\u00edos. Es impulsada por el espacio interno UCR Activa y responde a la decisi\u00f3n de ambos legisladores de sostener el veto a la suba salarial a los jubilados. \u201cEl mandato \u00e9tico y social que constituye la esencia de la UCR fue vulnerado por los afiliados Benedetti y \u00c1ntola, que optaron por someterse a la obediencia servil del poder de turno antes que cumplir con el deber moral de defender a los m\u00e1s despose\u00eddos\u201d<\/em><\/strong><\/p>\n<p>&nbsp;<\/p>\n<p>&nbsp;<\/p>\n<p>El pedido de expulsi\u00f3n y desafiliaci\u00f3n fue presentado por representantes de UCR Activa y tiene como destinatario el Tribunal de \u00c9tica y Disciplina de la Uni\u00f3n C\u00edvica Radical de Entre R\u00edos.<\/p>\n<p>\u201cSolicitamos formalmente a ese Tribunal de \u00c9tica y Disciplina que se inicie de manera inmediata el proceso de expulsi\u00f3n y desafiliaci\u00f3n de los correligionarios Atilio Benedetti y Marcela \u00c1ntola, en virtud de la grave falta \u00e9tica y doctrinaria cometida en la sesi\u00f3n del Congreso de la Naci\u00f3n celebrada el d\u00eda 20 de agosto de 2025, donde se trat\u00f3 la ratificaci\u00f3n del veto presidencial al aumento de las jubilaciones m\u00ednimas\u201d, se se\u00f1ala en la solicitud.<\/p>\n<p>\u201cLos hechos son de p\u00fablico conocimiento y han sido informados en medios nacionales. En dicha instancia, el diputado Benedetti vot\u00f3 en contra y la diputada \u00c1ntola se abstuvo en la moci\u00f3n de rechazar el veto del presidente Javier Milei, negando as\u00ed un incremento de apenas 20.000 pesos mensuales a los jubilados y jubiladas de nuestro pa\u00eds\u201d, se agrega luego.<\/p>\n<p>\u201cSe trata de un monto insignificante para las arcas del Estado, pero vital para quienes trabajaron toda su vida y hoy sobreviven en condiciones de extrema precariedad\u201d.<\/p>\n<p>Para UCR Activa, \u201cno existe justificaci\u00f3n posible para esta conducta. Implica un acto de traici\u00f3n a los jubilados argentinos y, al mismo tiempo, una traici\u00f3n al radicalismo entrerriano, a sus principios hist\u00f3ricos y a su doctrina\u201d.<\/p>\n<p>\u201cTal como lo establece la Carta Org\u00e1nica de la Uni\u00f3n C\u00edvica Radical de Entre R\u00edos, el mandato \u00e9tico y social que constituye la esencia de la UCR en nuestra provincia ha sido vulnerado de manera palmaria por los afiliados Benedetti y \u00c1ntola, quienes optaron por someterse a la obediencia servil del poder de turno antes que cumplir con el deber moral de defender a los m\u00e1s despose\u00eddos\u201d.<\/p>\n<p>&nbsp;<\/p>\n<p><strong>Por lo expuesto, solicitan al Tribunal:<\/strong><\/p>\n<ul>\n<li>Que se d\u00e9 curso inmediato al proceso disciplinario correspondiente.<\/li>\n<li>Que se resuelva la expulsi\u00f3n definitiva de Atilio Benedetti y Marcela \u00c1ntola de la Uni\u00f3n C\u00edvica Radical, por conducta p\u00fablica contraria a la \u00e9tica y la doctrina partidaria.<\/li>\n<li>Que se comunique dicha resoluci\u00f3n a los \u00f3rganos partidarios provinciales y nacionales para su cumplimiento efectivo.<\/li>\n<\/ul>\n<p>\u201cEstamos convencidos de que s\u00f3lo con medidas firmes lograremos honrar nuestra historia, respetar nuestra doctrina y reafirmar nuestra conducta radical, que no admite claudicaciones frente a la injusticia ni complicidades con el poder en perjuicio de los m\u00e1s vulnerables\u201d, finaliza el texto.<\/p>\n","protected":false},"excerpt":{"rendered":"<p>Hubo una solicitud formal enviada al Tribunal de \u00c9tica y Disciplina de la UCR de Entre R\u00edos. Es impulsada por el espacio interno UCR Activa y responde a la decisi\u00f3n de ambos legisladores de sostener el veto a la suba salarial a los jubilados. \u201cEl mandato \u00e9tico y social que constituye la esencia de la UCR fue vulnerado por los afiliados Benedetti y \u00c1ntola, que optaron por someterse a la obediencia servil del poder de turno antes que cumplir con el deber moral de defender a los m\u00e1s despose\u00eddos\u201d &nbsp;&#8230;<\/p>\n","protected":false},"author":3,"featured_media":131863,"comment_status":"closed","ping_status":"closed","sticky":false,"template":"","format":"standard","meta":[],"categories":[15],"tags":[],"_links":{"self":[{"href":"https:\/\/www.actualidadadiario.com\/index.php\/wp-json\/wp\/v2\/posts\/131885"}],"collection":[{"href":"https:\/\/www.actualidadadiario.com\/index.php\/wp-json\/wp\/v2\/posts"}],"about":[{"href":"https:\/\/www.actualidadadiario.com\/index.php\/wp-json\/wp\/v2\/types\/post"}],"author":[{"embeddable":true,"href":"https:\/\/www.actualidadadiario.com\/index.php\/wp-json\/wp\/v2\/users\/3"}],"replies":[{"embeddable":true,"href":"https:\/\/www.actualidadadiario.com\/index.php\/wp-json\/wp\/v2\/comments?post=131885"}],"version-history":[{"count":1,"href":"https:\/\/www.actualidadadiario.com\/index.php\/wp-json\/wp\/v2\/posts\/131885\/revisions"}],"predecessor-version":[{"id":131886,"href":"https:\/\/www.actualidadadiario.com\/index.php\/wp-json\/wp\/v2\/posts\/131885\/revisions\/131886"}],"wp:featuredmedia":[{"embeddable":true,"href":"https:\/\/www.actualidadadiario.com\/index.php\/wp-json\/wp\/v2\/media\/131863"}],"wp:attachment":[{"href":"https:\/\/www.actualidadadiario.com\/index.php\/wp-json\/wp\/v2\/media?parent=131885"}],"wp:term":[{"taxonomy":"category","embeddable":true,"href":"https:\/\/www.actualidadadiario.com\/index.php\/wp-json\/wp\/v2\/categories?post=131885"},{"taxonomy":"post_tag","embeddable":true,"href":"https:\/\/www.actualidadadiario.com\/index.php\/wp-json\/wp\/v2\/tags?post=131885"}],"curies":[{"name":"wp","href":"https:\/\/api.w.org\/{rel}","templated":true}]}}